{"id":7738,"date":"2016-05-14T15:56:52","date_gmt":"2016-05-14T15:56:52","guid":{"rendered":"https:\/\/armstrongyregion.com.ar\/diario\/?p=7738"},"modified":"2016-05-14T15:56:52","modified_gmt":"2016-05-14T15:56:52","slug":"las-rosas-regreso-a-la-normalidad","status":"publish","type":"post","link":"https:\/\/armstrongyregion.com.ar\/diario\/las-rosas-regreso-a-la-normalidad\/","title":{"rendered":"Las Rosas. Regreso a la normalidad&#8230;"},"content":{"rendered":"<p><a href=\"http:\/\/armstrongyregion.com.ar\/diario\/wp-content\/uploads\/2016\/05\/Las-Rosas-.jpg\"><img loading=\"lazy\" decoding=\"async\" class=\"alignnone size-full wp-image-7739\" src=\"http:\/\/armstrongyregion.com.ar\/diario\/wp-content\/uploads\/2016\/05\/Las-Rosas-.jpg\" alt=\"Las-Rosas-\" width=\"768\" height=\"474\" srcset=\"https:\/\/armstrongyregion.com.ar\/diario\/wp-content\/uploads\/2016\/05\/Las-Rosas-.jpg 768w, https:\/\/armstrongyregion.com.ar\/diario\/wp-content\/uploads\/2016\/05\/Las-Rosas--300x185.jpg 300w\" sizes=\"auto, (max-width: 768px) 100vw, 768px\" \/><\/a>Municipales cobran d\u00edas ca\u00eddos, desarmaron la carpa y levantan el paro.<br \/>\nLuego del acta-acuerdo firmada en Santa Fe el pasado martes 10, comenzaron a darse los pasos para regresar al funcionamiento pleno de la administraci\u00f3n municipal.<br \/>\nSe liquidaron sueldos, los empleados han recibido los dep\u00f3sitos en sus cuentas-sueldo, desarmaron la carpa que se hab\u00eda ubicado frente a la sede del municipio y el lunes regresan al trabajo. Aunque ya en la ma\u00f1ana de este s\u00e1bado se ve personal de maestranza realizando su labor, como por ejemplo recolecci\u00f3n de residuos y paso de la barredora automotriz.<\/p>\n<p>COMUNICADO DE PRENSA &#8211; MUNICIPALIDAD DE LAS ROSAS<\/p>\n<p>CARNET DE CONDUCTOR<br \/>\nComunicamos a al poblaci\u00f3n que el Lunes se reactiva fuertemente el otorgamiento de las licencias de conducir. Pedimos disculpas por el gran atraso que ocasion\u00f3 este conflicto y los problemas que le trajo a cada ciudadano en particular. Los invitamos a acercarse a la Municipalidad para regularizar la situaci\u00f3n de cada uno y\/o solicitar su turno.<br \/>\nFernando Butto &#8211; Dir. Prensa, Cultura y Difusi\u00f3n<\/p>\n","protected":false},"excerpt":{"rendered":"<p>Municipales cobran d\u00edas ca\u00eddos, desarmaron la carpa y levantan el paro. Luego del acta-acuerdo firmada en Santa Fe el pasado martes 10, comenzaron a darse los pasos para regresar al funcionamiento pleno de la administraci\u00f3n municipal. Se liquidaron sueldos, los empleados han recibido los dep\u00f3sitos en sus cuentas-sueldo, desarmaron la carpa que se hab\u00eda ubicado <a href=\"https:\/\/armstrongyregion.com.ar\/diario\/las-rosas-regreso-a-la-normalidad\/\" title=\"Read more\" >&#8230;<\/a><\/p>\n","protected":false},"author":2,"featured_media":7739,"comment_status":"open","ping_status":"open","sticky":false,"template":"","format":"standard","meta":{"_jetpack_memberships_contains_paid_content":false,"footnotes":"","jetpack_publicize_message":"","jetpack_publicize_feature_enabled":true,"jetpack_social_post_already_shared":false,"jetpack_social_options":{"image_generator_settings":{"template":"highway","default_image_id":0,"enabled":false},"version":2}},"categories":[1,7,3],"tags":[33,31,23,1994,361,866,2621],"class_list":["post-7738","post","type-post","status-publish","format-standard","has-post-thumbnail","hentry","category-diario-armstrong","category-politica","category-region","tag-a","tag-la","tag-las","tag-normalidad","tag-rosas","tag-todo","tag-vuelve"],"jetpack_publicize_connections":[],"jetpack_featured_media_url":"https:\/\/armstrongyregion.com.ar\/diario\/wp-content\/uploads\/2016\/05\/Las-Rosas-.jpg","jetpack_shortlink":"https:\/\/wp.me\/p62QDO-20O","jetpack_sharing_enabled":true,"amp_enabled":true,"_links":{"self":[{"href":"https:\/\/armstrongyregion.com.ar\/diario\/wp-json\/wp\/v2\/posts\/7738","targetHints":{"allow":["GET"]}}],"collection":[{"href":"https:\/\/armstrongyregion.com.ar\/diario\/wp-json\/wp\/v2\/posts"}],"about":[{"href":"https:\/\/armstrongyregion.com.ar\/diario\/wp-json\/wp\/v2\/types\/post"}],"author":[{"embeddable":true,"href":"https:\/\/armstrongyregion.com.ar\/diario\/wp-json\/wp\/v2\/users\/2"}],"replies":[{"embeddable":true,"href":"https:\/\/armstrongyregion.com.ar\/diario\/wp-json\/wp\/v2\/comments?post=7738"}],"version-history":[{"count":0,"href":"https:\/\/armstrongyregion.com.ar\/diario\/wp-json\/wp\/v2\/posts\/7738\/revisions"}],"wp:featuredmedia":[{"embeddable":true,"href":"https:\/\/armstrongyregion.com.ar\/diario\/wp-json\/wp\/v2\/media\/7739"}],"wp:attachment":[{"href":"https:\/\/armstrongyregion.com.ar\/diario\/wp-json\/wp\/v2\/media?parent=7738"}],"wp:term":[{"taxonomy":"category","embeddable":true,"href":"https:\/\/armstrongyregion.com.ar\/diario\/wp-json\/wp\/v2\/categories?post=7738"},{"taxonomy":"post_tag","embeddable":true,"href":"https:\/\/armstrongyregion.com.ar\/diario\/wp-json\/wp\/v2\/tags?post=7738"}],"curies":[{"name":"wp","href":"https:\/\/api.w.org\/{rel}","templated":true}]}}