{"id":7725,"date":"2016-05-14T00:32:11","date_gmt":"2016-05-14T00:32:11","guid":{"rendered":"https:\/\/armstrongyregion.com.ar\/diario\/?p=7725"},"modified":"2016-05-14T00:32:11","modified_gmt":"2016-05-14T00:32:11","slug":"gobierno-lanza-impulso-a-las-pymes-creditos-y-alivio-financiero-para-la-generacion-de-empleo","status":"publish","type":"post","link":"https:\/\/armstrongyregion.com.ar\/diario\/gobierno-lanza-impulso-a-las-pymes-creditos-y-alivio-financiero-para-la-generacion-de-empleo\/","title":{"rendered":"Gobierno lanza impulso a las PyMEs: cr\u00e9ditos y alivio financiero para la generaci\u00f3n de empleo."},"content":{"rendered":"<p><span class=\"ecxestilo7\"><b><a href=\"http:\/\/armstrongyregion.com.ar\/diario\/wp-content\/uploads\/2016\/05\/PYMES-METALURGICAS-1-750x400.jpg\"><img loading=\"lazy\" decoding=\"async\" class=\"alignnone size-full wp-image-7726\" src=\"http:\/\/armstrongyregion.com.ar\/diario\/wp-content\/uploads\/2016\/05\/PYMES-METALURGICAS-1-750x400.jpg\" alt=\"PYMES-METALURGICAS-1-750x400\" width=\"750\" height=\"400\" srcset=\"https:\/\/armstrongyregion.com.ar\/diario\/wp-content\/uploads\/2016\/05\/PYMES-METALURGICAS-1-750x400.jpg 750w, https:\/\/armstrongyregion.com.ar\/diario\/wp-content\/uploads\/2016\/05\/PYMES-METALURGICAS-1-750x400-300x160.jpg 300w\" sizes=\"auto, (max-width: 750px) 100vw, 750px\" \/><\/a>&#8211; Se aumenta en m\u00e1s de 63.000 millones los cr\u00e9ditos disponibles para PyMEs.<\/b><\/span><b><\/p>\n<p><span class=\"ecxestilo7\">&#8211; Para favorecer la liquidez de las PyMEs, se<\/span><span class=\"ecxapple-converted-space\">\u00a0<\/span> <span class=\"ecxapple-converted-space\">\u00a0\u00a0<\/span> <span class=\"ecxapple-converted-space\">\u00a0\u00a0<\/span> <span class=\"ecxapple-converted-space\">\u00a0<\/span><span class=\"ecxestilo7\">difiere el plazo del pago de IVA de mensual a trimestral.<\/span><\/p>\n<p><span class=\"ecxestilo7\">&#8211; Apoyo a las exportadoras. Se simplifican tr\u00e1mites administrativos a trav\u00e9s de automatizaci\u00f3n de mecanismos.<\/span><\/p>\n<p><span class=\"ecxestilo7\">&#8211; Mauricio Macri celebr\u00f3: \u201ceste paso es un eslab\u00f3n fundamental de la cadena productiva de la Argentina\u201d.<\/span><\/p>\n<p><span class=\"ecxestilo7\">Buenos Aires, 10 de mayo de 2016. El gobierno present\u00f3 hoy un conjunto de medidas para impulsar el desarrollo de las peque\u00f1as y medianas empresas, las principales creadoras de empleo en la Argentina, que incluyen un mayor acceso al cr\u00e9dito, diferimiento del pago de IVA y automatizaci\u00f3n de tr\u00e1mites administrativos. El presidente Mauricio Macri y los ministros de Producci\u00f3n, Francisco Cabrera, y de Trabajo, Jorge Triaca, y el titular de la Administraci\u00f3n Federal de Ingresos P\u00fablicos, Alberto Abad, anunciaron hoy el inicio de una \u201crevoluci\u00f3n de las PyMEs\u201d a partir de un conjunto de medidas de orden fiscal, administrativo y financiero dirigido a las peque\u00f1as y medianas empresas de todo el pa\u00eds.<\/span><\/p>\n<p><span class=\"ecxestilo7\">\u201c\u00c9ste es el primer paso de muchos m\u00e1s que tenemos que seguir dando y que debemos consolidar en una Ley PyME, en la que estamos trabajando para encontrar herramientas inteligentes que nos lleven en direcci\u00f3n del desarrollo\u00bb, expres\u00f3 el presidente Macri.<\/span><span class=\"ecxapple-converted-space\">\u00a0<\/span><\/p>\n<p><span class=\"ecxestilo7\">El Ministro de Producci\u00f3n dijo que \u201cnuestra obsesi\u00f3n es la creaci\u00f3n de empleo y las PyMEs son el sector m\u00e1s din\u00e1mico de la econom\u00eda. Desde el 10 de diciembre estamos trabajando con los peque\u00f1os y medianos productores para llevar soluciones concretas a los problemas reales. Este paquete responde a lo que necesitan las PyMEs para crecer: cr\u00e9dito, alivio fiscal y simplificaci\u00f3n administrativa\u201d.<\/span><\/p>\n<p><span class=\"ecxestilo7\">Las medidas ejecutivas<\/span><\/p>\n<p><span class=\"ecxestilo7\">Los anuncios son el resultado del di\u00e1logo con las PyMEs y las C\u00e1maras, donde se identific\u00f3 la falta de cr\u00e9dito y las dificultades financieras como las trabas m\u00e1s dif\u00edciles al momento de ampliar la producci\u00f3n y generar nuevos empleos. Entre las medidas para dar soluci\u00f3n, hoy se anunci\u00f3:<\/span><\/p>\n<p><span class=\"ecxestilo7\">Cr\u00e9ditos productivos.Se ampli\u00f3 el cupo prestable de la L\u00ednea de Cr\u00e9ditos de Inversi\u00f3n Productiva del 14 al15.5%. El incremento implicar\u00eda $63.000 millones adicionales. Asimismo, se ampli\u00f3 el acceso al financiamiento de corto plazo que pasa del 30% al 50% del cupo.<\/span><br \/>\n<span class=\"ecxestilo7\">Adem\u00e1s, a trav\u00e9s del Banco de Inversi\u00f3n y Comercio Exterior (BICE), se crea la l\u00ednea Mi Primer Cr\u00e9dito para todas las PyMEs que nunca accedieron a un financiamiento. Este programa consiste en una asitencia integral cobmbinando asistencia t\u00e9cnica, contable y financiera.<\/span><span class=\"ecxapple-converted-space\">\u00a0<\/span><\/p>\n<p><span class=\"ecxestilo7\">Alivio fiscal.La obligaci\u00f3n del pago del Impuesto al Valor Agregado (IVA) ser\u00e1 diferida de 30 a 90 d\u00edas y permitir\u00e1 al universo de las PyMEs disponer de $4.700 millones de mayor liquidez financiera para capital de trabajo. El 68% de las PyMEs recibir\u00e1 en forma autom\u00e1tica un certificado de no retenci\u00f3n del IVA, mientras que para el resto habr\u00e1 requisitos m\u00e1s flexibles.<\/span><br \/>\n<span class=\"ecxestilo7\">En la misma l\u00ednea, se elevar\u00e1n los umbrales de retenci\u00f3n de IVA y Ganancias, que no se actualizaban desde el a\u00f1o 2000.<\/span><\/p>\n<p><span class=\"ecxestilo7\">Simplificaci\u00f3n administrativa.Con el objetivo de eliminar los tiempos burocr\u00e1ticos, disminuir el ahogo impositivo y concentrar los recursos de las PyMEs en tareas productivas y comerciales, se simplifican por la v\u00eda de la automatizaci\u00f3n de mecanismos y la reducci\u00f3n de retenciones en montos y cantidades.<\/span><br \/>\n<span class=\"ecxestilo7\">Para las PyMEs de perfil exportador, se extiende el plazo para el ingreso de divisas a 365 d\u00edas para todos los productos y posiciones arancelarias, de modo tal que puedan contar con mayor previsibilidad y mejoren su competitividad ante el mundo.<\/span><\/p>\n<p><span class=\"ecxestilo7\">\u201cLas PyMEs tendr\u00e1n en los pr\u00f3ximos d\u00edas alivio financiero y acceso a cr\u00e9dito como nunca antes. Somos el gobierno de las PyMEs, por eso seremos el gobierno de la creaci\u00f3n de empleo genuino\u201d, defini\u00f3 Cabrera.<\/span><\/p>\n<p><span class=\"ecxestilo7\">Proyecto legislativo<\/span><\/p>\n<p><span class=\"ecxestilo7\">El gobierno tambi\u00e9n anticip\u00f3 que estar\u00e1 enviando al Congreso un paquete de medidas legislativas con eliminaci\u00f3n de impuestos, incentivos fiscales para el fomento a las inversiones y m\u00e1s oportunidades de financiamiento.<\/span><\/p>\n<p><span class=\"ecxestilo7\">Este proyecto contempla:<\/span><\/p>\n<p><span class=\"ecxestilo7\">Deducci\u00f3n de un 8% de la inversi\u00f3n del monto del impuesto determinado en Ganancias Sociedades, con topes en un 2% de las ventas. Para inversiones desde el 01\/07\/2016 hasta el 31\/12\/2018, en bienes amortizables en el Impuesto a las Ganancias (bienes nuevos y usados y obras e instalaciones, excluye autom\u00f3viles).<\/span><br \/>\n<span class=\"ecxestilo7\">Devoluci\u00f3n del IVA de las inversiones realizadas en el mismo per\u00edodo bajo la forma de un bono de cr\u00e9dito fiscal.<\/span><br \/>\n<span class=\"ecxestilo7\">Eliminaci\u00f3n del Impuesto a la Ganancia M\u00ednima Presunta para PyMEs.<\/span><br \/>\n<span class=\"ecxestilo7\">Permitir una mayor compensaci\u00f3n del Impuesto a los Cr\u00e9ditos y D\u00e9bitos bancarios a las Micro y Peque\u00f1as.<\/span><br \/>\n<span class=\"ecxestilo7\">Un cap\u00edtulo dedicado exclusivamente al desarrollo de Financiamiento a trav\u00e9s de Obligaciones Negociables, Sociedades de Garant\u00eda Rec\u00edproca, Bonificaci\u00f3n de Tasa, entre otras medidas.<\/span><\/b><\/p>\n","protected":false},"excerpt":{"rendered":"<p>&#8211; Se aumenta en m\u00e1s de 63.000 millones los cr\u00e9ditos disponibles para PyMEs. &#8211; Para favorecer la liquidez de las PyMEs, se\u00a0 \u00a0\u00a0 \u00a0\u00a0 \u00a0difiere el plazo del pago de IVA de mensual a trimestral. &#8211; Apoyo a las exportadoras. Se simplifican tr\u00e1mites administrativos a trav\u00e9s de automatizaci\u00f3n de mecanismos. &#8211; Mauricio Macri celebr\u00f3: \u201ceste <a href=\"https:\/\/armstrongyregion.com.ar\/diario\/gobierno-lanza-impulso-a-las-pymes-creditos-y-alivio-financiero-para-la-generacion-de-empleo\/\" title=\"Read more\" >&#8230;<\/a><\/p>\n","protected":false},"author":2,"featured_media":7726,"comment_status":"open","ping_status":"open","sticky":false,"template":"","format":"standard","meta":{"_jetpack_memberships_contains_paid_content":false,"footnotes":"","jetpack_publicize_message":"","jetpack_publicize_feature_enabled":true,"jetpack_social_post_already_shared":false,"jetpack_social_options":{"image_generator_settings":{"template":"highway","default_image_id":0,"enabled":false},"version":2}},"categories":[1,2,7,3],"tags":[33,3918,1916,38,31,23,2588,3917],"class_list":["post-7725","post","type-post","status-publish","format-standard","has-post-thumbnail","hentry","category-diario-armstrong","category-locales","category-politica","category-region","tag-a","tag-alivio","tag-creditos","tag-gobierno","tag-la","tag-las","tag-pymes","tag-za"],"jetpack_publicize_connections":[],"jetpack_featured_media_url":"https:\/\/armstrongyregion.com.ar\/diario\/wp-content\/uploads\/2016\/05\/PYMES-METALURGICAS-1-750x400.jpg","jetpack_shortlink":"https:\/\/wp.me\/p62QDO-20B","jetpack_sharing_enabled":true,"amp_enabled":true,"_links":{"self":[{"href":"https:\/\/armstrongyregion.com.ar\/diario\/wp-json\/wp\/v2\/posts\/7725","targetHints":{"allow":["GET"]}}],"collection":[{"href":"https:\/\/armstrongyregion.com.ar\/diario\/wp-json\/wp\/v2\/posts"}],"about":[{"href":"https:\/\/armstrongyregion.com.ar\/diario\/wp-json\/wp\/v2\/types\/post"}],"author":[{"embeddable":true,"href":"https:\/\/armstrongyregion.com.ar\/diario\/wp-json\/wp\/v2\/users\/2"}],"replies":[{"embeddable":true,"href":"https:\/\/armstrongyregion.com.ar\/diario\/wp-json\/wp\/v2\/comments?post=7725"}],"version-history":[{"count":0,"href":"https:\/\/armstrongyregion.com.ar\/diario\/wp-json\/wp\/v2\/posts\/7725\/revisions"}],"wp:featuredmedia":[{"embeddable":true,"href":"https:\/\/armstrongyregion.com.ar\/diario\/wp-json\/wp\/v2\/media\/7726"}],"wp:attachment":[{"href":"https:\/\/armstrongyregion.com.ar\/diario\/wp-json\/wp\/v2\/media?parent=7725"}],"wp:term":[{"taxonomy":"category","embeddable":true,"href":"https:\/\/armstrongyregion.com.ar\/diario\/wp-json\/wp\/v2\/categories?post=7725"},{"taxonomy":"post_tag","embeddable":true,"href":"https:\/\/armstrongyregion.com.ar\/diario\/wp-json\/wp\/v2\/tags?post=7725"}],"curies":[{"name":"wp","href":"https:\/\/api.w.org\/{rel}","templated":true}]}}