{"id":7714,"date":"2016-05-13T03:27:58","date_gmt":"2016-05-13T03:27:58","guid":{"rendered":"https:\/\/armstrongyregion.com.ar\/diario\/?p=7714"},"modified":"2016-05-13T03:27:58","modified_gmt":"2016-05-13T03:27:58","slug":"ariel-pacifico-raul-era-el-motor-de-todos-los-proyectos","status":"publish","type":"post","link":"https:\/\/armstrongyregion.com.ar\/diario\/ariel-pacifico-raul-era-el-motor-de-todos-los-proyectos\/","title":{"rendered":"Ariel Pac\u00edfico: \u201cRa\u00fal era el motor de todos los proyectos\u201d."},"content":{"rendered":"<p><a href=\"http:\/\/armstrongyregion.com.ar\/diario\/wp-content\/uploads\/2016\/05\/fotograf\u00eda-2-.jpg\"><img loading=\"lazy\" decoding=\"async\" class=\"alignnone size-full wp-image-7715\" src=\"http:\/\/armstrongyregion.com.ar\/diario\/wp-content\/uploads\/2016\/05\/fotograf\u00eda-2-.jpg\" alt=\"fotograf\u00eda\" width=\"960\" height=\"540\" srcset=\"https:\/\/armstrongyregion.com.ar\/diario\/wp-content\/uploads\/2016\/05\/fotograf\u00eda-2-.jpg 960w, https:\/\/armstrongyregion.com.ar\/diario\/wp-content\/uploads\/2016\/05\/fotograf\u00eda-2--300x169.jpg 300w\" sizes=\"auto, (max-width: 960px) 100vw, 960px\" \/><\/a>En la muestra fotogr\u00e1fica que se expone a partir de hoy, en el recinto del Concejo Municipal, donde se muestran im\u00e1genes fotogr\u00e1ficas de la ciudad, en conmemoraci\u00f3n de los 30 a\u00f1os del Concejo, fotos logradas por el Dr. Ra\u00fal Di Pascuale y\u00a0 Ariel Pac\u00edfico. La emotiva inauguraci\u00f3n cont\u00f3 con la presencia del intendente Municipal Dr. Pablo Verdecchia, el presidente del concejo y todos los concejales que integran el cuerpo legislativo, familiares \u00a0y amigos del Dr. Ra\u00fal Di Pascuale.<\/p>\n<p>Un acto simple y conmovedor, donde se brind\u00f3 \u00a0un homenaje a alguien que fue el impulsor de esta idea de plasmar la Ciudad en fotos que desde hoy forman parte del patrimonio del Concejo de Armstrong.<\/p>\n","protected":false},"excerpt":{"rendered":"<p>En la muestra fotogr\u00e1fica que se expone a partir de hoy, en el recinto del Concejo Municipal, donde se muestran im\u00e1genes fotogr\u00e1ficas de la ciudad, en conmemoraci\u00f3n de los 30 a\u00f1os del Concejo, fotos logradas por el Dr. Ra\u00fal Di Pascuale y\u00a0 Ariel Pac\u00edfico. La emotiva inauguraci\u00f3n cont\u00f3 con la presencia del intendente Municipal Dr. <a href=\"https:\/\/armstrongyregion.com.ar\/diario\/ariel-pacifico-raul-era-el-motor-de-todos-los-proyectos\/\" title=\"Read more\" >&#8230;<\/a><\/p>\n","protected":false},"author":2,"featured_media":7715,"comment_status":"open","ping_status":"open","sticky":false,"template":"","format":"standard","meta":{"_jetpack_memberships_contains_paid_content":false,"footnotes":"","jetpack_publicize_message":"","jetpack_publicize_feature_enabled":true,"jetpack_social_post_already_shared":false,"jetpack_social_options":{"image_generator_settings":{"template":"highway","default_image_id":0,"enabled":false},"version":2}},"categories":[6,1,2],"tags":[1902,19,16,3913,42,3914,3912,385,1732,967],"class_list":["post-7714","post","type-post","status-publish","format-standard","has-post-thumbnail","hentry","category-cultura-entretenimiento","category-diario-armstrong","category-locales","tag-ariel","tag-de","tag-el","tag-era","tag-los","tag-motor","tag-pacifico","tag-proyectos","tag-raul","tag-todos"],"jetpack_publicize_connections":[],"jetpack_featured_media_url":"https:\/\/armstrongyregion.com.ar\/diario\/wp-content\/uploads\/2016\/05\/fotograf\u00eda-2-.jpg","jetpack_shortlink":"https:\/\/wp.me\/p62QDO-20q","jetpack_sharing_enabled":true,"amp_enabled":true,"_links":{"self":[{"href":"https:\/\/armstrongyregion.com.ar\/diario\/wp-json\/wp\/v2\/posts\/7714","targetHints":{"allow":["GET"]}}],"collection":[{"href":"https:\/\/armstrongyregion.com.ar\/diario\/wp-json\/wp\/v2\/posts"}],"about":[{"href":"https:\/\/armstrongyregion.com.ar\/diario\/wp-json\/wp\/v2\/types\/post"}],"author":[{"embeddable":true,"href":"https:\/\/armstrongyregion.com.ar\/diario\/wp-json\/wp\/v2\/users\/2"}],"replies":[{"embeddable":true,"href":"https:\/\/armstrongyregion.com.ar\/diario\/wp-json\/wp\/v2\/comments?post=7714"}],"version-history":[{"count":0,"href":"https:\/\/armstrongyregion.com.ar\/diario\/wp-json\/wp\/v2\/posts\/7714\/revisions"}],"wp:featuredmedia":[{"embeddable":true,"href":"https:\/\/armstrongyregion.com.ar\/diario\/wp-json\/wp\/v2\/media\/7715"}],"wp:attachment":[{"href":"https:\/\/armstrongyregion.com.ar\/diario\/wp-json\/wp\/v2\/media?parent=7714"}],"wp:term":[{"taxonomy":"category","embeddable":true,"href":"https:\/\/armstrongyregion.com.ar\/diario\/wp-json\/wp\/v2\/categories?post=7714"},{"taxonomy":"post_tag","embeddable":true,"href":"https:\/\/armstrongyregion.com.ar\/diario\/wp-json\/wp\/v2\/tags?post=7714"}],"curies":[{"name":"wp","href":"https:\/\/api.w.org\/{rel}","templated":true}]}}