{"id":7711,"date":"2016-05-13T03:21:09","date_gmt":"2016-05-13T03:21:09","guid":{"rendered":"https:\/\/armstrongyregion.com.ar\/diario\/?p=7711"},"modified":"2016-05-13T03:21:09","modified_gmt":"2016-05-13T03:21:09","slug":"diego-mansilla-se-reunio-con-el-consul-de-bolivia-sixto-valdez-cueto","status":"publish","type":"post","link":"https:\/\/armstrongyregion.com.ar\/diario\/diego-mansilla-se-reunio-con-el-consul-de-bolivia-sixto-valdez-cueto\/","title":{"rendered":"Diego Mansilla se reuni\u00f3 con el c\u00f3nsul de Bolivia Sixto Valdez Cueto."},"content":{"rendered":"<div>\n<p class=\"ecxMsoNormal\"><b><a href=\"http:\/\/armstrongyregion.com.ar\/diario\/wp-content\/uploads\/2016\/05\/diego-mansilla-y-sixto-valdez-cueto.jpg\"><img loading=\"lazy\" decoding=\"async\" class=\"alignnone size-full wp-image-7712\" src=\"http:\/\/armstrongyregion.com.ar\/diario\/wp-content\/uploads\/2016\/05\/diego-mansilla-y-sixto-valdez-cueto.jpg\" alt=\"diego mansilla y sixto valdez cueto\" width=\"768\" height=\"432\" srcset=\"https:\/\/armstrongyregion.com.ar\/diario\/wp-content\/uploads\/2016\/05\/diego-mansilla-y-sixto-valdez-cueto.jpg 768w, https:\/\/armstrongyregion.com.ar\/diario\/wp-content\/uploads\/2016\/05\/diego-mansilla-y-sixto-valdez-cueto-300x169.jpg 300w\" sizes=\"auto, (max-width: 768px) 100vw, 768px\" \/><\/a>\u201cQueremos que los ciudadanos de los distintos Estados del Mercosur puedan participar masivamente de las elecciones\u201d<\/b><\/p>\n<\/div>\n<div>\n<p class=\"ecxMsoNormal\">\u00a0\u201cQueremos avanzar para que los ciudadanos de los distintos Estados parte puedan participar masivamente de los procesos electorales\u201d, dijo el diputado del Mercosur, Diego Mansilla, tras reunirse, ayer, con el c\u00f3nsul de Bolivia en Rosario, Sixto Valdez Cueto.<\/p>\n<\/div>\n<div>\n<p class=\"ecxMsoNormal\">\u201cAcordamos trabajar para elaborar cuanto antes un proyecto de empadronamiento autom\u00e1tico para quienes nacieron en alg\u00fan Estado del Mercosur pero no est\u00e1n viviendo en sus pa\u00edses. As\u00ed podr\u00edamos favorecer que todos participen en las decisiones que definen el destino de los lugares que habitan\u201d, inform\u00f3 Mansilla, que presentar\u00e1 la iniciativa en el Parlamento del Mercosur.<\/p>\n<\/div>\n<div>\n<p class=\"ecxMsoNormal\">\u201cPor supuesto que con el c\u00f3nsul tambi\u00e9n conversamos sobre la situaci\u00f3n pol\u00edtica en Bolivia, donde Evo Morales sostiene una gesti\u00f3n que est\u00e1 restituyendo derechos a las bolivianas y bolivianos y que resiste todos los d\u00edas los embates de los sectores que pretenden sostener sus privilegios\u201d, indic\u00f3 el diputado del Mercosur del bloque del Frente para la Victoria.<\/p>\n<\/div>\n","protected":false},"excerpt":{"rendered":"<p>\u201cQueremos que los ciudadanos de los distintos Estados del Mercosur puedan participar masivamente de las elecciones\u201d \u00a0\u201cQueremos avanzar para que los ciudadanos de los distintos Estados parte puedan participar masivamente de los procesos electorales\u201d, dijo el diputado del Mercosur, Diego Mansilla, tras reunirse, ayer, con el c\u00f3nsul de Bolivia en Rosario, Sixto Valdez Cueto. \u201cAcordamos <a href=\"https:\/\/armstrongyregion.com.ar\/diario\/diego-mansilla-se-reunio-con-el-consul-de-bolivia-sixto-valdez-cueto\/\" title=\"Read more\" >&#8230;<\/a><\/p>\n","protected":false},"author":2,"featured_media":7712,"comment_status":"open","ping_status":"open","sticky":false,"template":"","format":"standard","meta":{"_jetpack_memberships_contains_paid_content":false,"footnotes":"","jetpack_publicize_message":"","jetpack_publicize_feature_enabled":true,"jetpack_social_post_already_shared":false,"jetpack_social_options":{"image_generator_settings":{"template":"highway","default_image_id":0,"enabled":false},"version":2}},"categories":[1,7,3],"tags":[3911,100,3910,19,990,16,991,343,86],"class_list":["post-7711","post","type-post","status-publish","format-standard","has-post-thumbnail","hentry","category-diario-armstrong","category-politica","category-region","tag-bolivia","tag-con","tag-consul","tag-de","tag-diego","tag-el","tag-mansilla","tag-reunio","tag-se"],"jetpack_publicize_connections":[],"jetpack_featured_media_url":"https:\/\/armstrongyregion.com.ar\/diario\/wp-content\/uploads\/2016\/05\/diego-mansilla-y-sixto-valdez-cueto.jpg","jetpack_shortlink":"https:\/\/wp.me\/p62QDO-20n","jetpack_sharing_enabled":true,"amp_enabled":true,"_links":{"self":[{"href":"https:\/\/armstrongyregion.com.ar\/diario\/wp-json\/wp\/v2\/posts\/7711","targetHints":{"allow":["GET"]}}],"collection":[{"href":"https:\/\/armstrongyregion.com.ar\/diario\/wp-json\/wp\/v2\/posts"}],"about":[{"href":"https:\/\/armstrongyregion.com.ar\/diario\/wp-json\/wp\/v2\/types\/post"}],"author":[{"embeddable":true,"href":"https:\/\/armstrongyregion.com.ar\/diario\/wp-json\/wp\/v2\/users\/2"}],"replies":[{"embeddable":true,"href":"https:\/\/armstrongyregion.com.ar\/diario\/wp-json\/wp\/v2\/comments?post=7711"}],"version-history":[{"count":0,"href":"https:\/\/armstrongyregion.com.ar\/diario\/wp-json\/wp\/v2\/posts\/7711\/revisions"}],"wp:featuredmedia":[{"embeddable":true,"href":"https:\/\/armstrongyregion.com.ar\/diario\/wp-json\/wp\/v2\/media\/7712"}],"wp:attachment":[{"href":"https:\/\/armstrongyregion.com.ar\/diario\/wp-json\/wp\/v2\/media?parent=7711"}],"wp:term":[{"taxonomy":"category","embeddable":true,"href":"https:\/\/armstrongyregion.com.ar\/diario\/wp-json\/wp\/v2\/categories?post=7711"},{"taxonomy":"post_tag","embeddable":true,"href":"https:\/\/armstrongyregion.com.ar\/diario\/wp-json\/wp\/v2\/tags?post=7711"}],"curies":[{"name":"wp","href":"https:\/\/api.w.org\/{rel}","templated":true}]}}