{"id":7702,"date":"2016-05-12T14:35:19","date_gmt":"2016-05-12T14:35:19","guid":{"rendered":"https:\/\/armstrongyregion.com.ar\/diario\/?p=7702"},"modified":"2016-05-12T14:35:19","modified_gmt":"2016-05-12T14:35:19","slug":"los-radares-ubicados-en-ruta-9-estan-habilitados-por-la-agencia-de-seguridad-vial-pcial","status":"publish","type":"post","link":"https:\/\/armstrongyregion.com.ar\/diario\/los-radares-ubicados-en-ruta-9-estan-habilitados-por-la-agencia-de-seguridad-vial-pcial\/","title":{"rendered":"Los radares ubicados en Ruta 9 est\u00e1n habilitados por la Agencia de Seguridad Vial Pcial."},"content":{"rendered":"<p><a href=\"http:\/\/armstrongyregion.com.ar\/diario\/wp-content\/uploads\/2016\/05\/Plaza-San-Mart\u00edn.jpg\"><img loading=\"lazy\" decoding=\"async\" class=\"alignnone size-full wp-image-7703\" src=\"http:\/\/armstrongyregion.com.ar\/diario\/wp-content\/uploads\/2016\/05\/Plaza-San-Mart\u00edn.jpg\" alt=\"Plaza San Mart\u00edn\" width=\"630\" height=\"357\" srcset=\"https:\/\/armstrongyregion.com.ar\/diario\/wp-content\/uploads\/2016\/05\/Plaza-San-Mart\u00edn.jpg 630w, https:\/\/armstrongyregion.com.ar\/diario\/wp-content\/uploads\/2016\/05\/Plaza-San-Mart\u00edn-300x170.jpg 300w\" sizes=\"auto, (max-width: 630px) 100vw, 630px\" \/><\/a>Por las recientes publicaciones y declaraciones realizadas por el Senador Provincial Hugo Rasetto y el Concejal de la vecina ciudad de Ca\u00f1ada de G\u00f3mez, Fernando Mauroni, la Comuna de Correa ratifica el funcionamiento de los radares ubicados sobre Ruta Nacional N\u00ba 9 a partir del cumplimiento de la Resoluci\u00f3n N\u00ba 0116\/14 remitido por la Agencia Provincial de Seguridad Vial.<\/p>\n<p>Comunicado oficial de la Comuna de Correa:<br \/>\nA fin de desvirtuar desafortunados comentarios, la COMUNA DE CORREA por el presente comunicado oficial, expone y deja en claro las habilitaciones correspondientes a los dos (2) radares ubicados en el ejido urbano local.<br \/>\nLa AGENCIA PROVINCIAL DE SEGURIDAD VIAL mediante Resoluci\u00f3n N\u00ba 0116\/14 de fecha 18 de diciembre de 2014, resuelve habilitar a dicha Comuna para realizar control de infracciones de tr\u00e1nsito vehicular mediante la utilizaci\u00f3n de sistemas, equipos y dispositivos automatizados para la captaci\u00f3n de infracciones por exceso de velocidad sobre Ruta Nacional N\u00ba 9.<br \/>\nEn el mismo sentido la AGENCIA PROVINCIAL DE SEGURIDAD VIAL resuelve que dicho control ser\u00e1 efectuad exclusivamente mediante la utilizaci\u00f3n de los siguientes dispositivos electr\u00f3nicos:<\/p>\n<p>&#8211; Cinem\u00f3metros instalaci\u00f3n fija, marca ANCA, modelo CVDV, versi\u00f3n 2, serie N\u00ba CJR00102 emplazado en Ruta N\u00ba 9 km 362,2 al ingreso de la localidad en sentido Oeste \u2013 Este.<\/p>\n<p>&#8211; Cinem\u00f3metros instalaci\u00f3n fija, marca ANCA, modelo CVDV, versi\u00f3n 2, serie N\u00ba CJR00101 emplazado en Ruta N\u00ba 9 km 360,1 al ingreso de la localidad en sentido Este \u2013 Oeste.<br \/>\nEl MINISTERIO DE ECONOMIA Y FINANZAS PUBLICAS DE LA NACI\u00d3N y el INTI (Presidencia de la Naci\u00f3n) aprobaron y emitieron los correspondientes CERTIFICADOS DE VERIFICACION de ambos equipos, ML-A-002.221\/2014 en relaci\u00f3n al cinem\u00f3metro ubicado en Ruta N\u00ba 9 km 362,2 al ingreso de la localidad en sentido Oeste \u2013 Este y el ML-A-002.222\/2014 en relaci\u00f3n al cinem\u00f3metro ubicado Ruta N\u00ba 9 km 360,1 al ingreso de la localidad en sentido Este \u2013 Oeste.<br \/>\nEn cuanto a la planimetr\u00eda y carteler\u00eda existente es la exigida y establecida legalmente por el OBSERVATORIO VIAL DE VIALIDAD, de modo que nada es hecho al azar, sino que fue colocada siguiendo estrictas instrucciones.-<\/p>\n","protected":false},"excerpt":{"rendered":"<p>Por las recientes publicaciones y declaraciones realizadas por el Senador Provincial Hugo Rasetto y el Concejal de la vecina ciudad de Ca\u00f1ada de G\u00f3mez, Fernando Mauroni, la Comuna de Correa ratifica el funcionamiento de los radares ubicados sobre Ruta Nacional N\u00ba 9 a partir del cumplimiento de la Resoluci\u00f3n N\u00ba 0116\/14 remitido por la Agencia <a href=\"https:\/\/armstrongyregion.com.ar\/diario\/los-radares-ubicados-en-ruta-9-estan-habilitados-por-la-agencia-de-seguridad-vial-pcial\/\" title=\"Read more\" >&#8230;<\/a><\/p>\n","protected":false},"author":2,"featured_media":7703,"comment_status":"open","ping_status":"open","sticky":false,"template":"","format":"standard","meta":{"_jetpack_memberships_contains_paid_content":false,"footnotes":"","jetpack_publicize_message":"","jetpack_publicize_feature_enabled":true,"jetpack_social_post_already_shared":false,"jetpack_social_options":{"image_generator_settings":{"template":"highway","default_image_id":0,"enabled":false},"version":2}},"categories":[8,1,3],"tags":[485,1917,19,15,981,3908,31,42,60,3906,484,453,3907,1718],"class_list":["post-7702","post","type-post","status-publish","format-standard","has-post-thumbnail","hentry","category-deliberando","category-diario-armstrong","category-region","tag-485","tag-agencia","tag-de","tag-en","tag-estan","tag-habilitados","tag-la","tag-los","tag-por","tag-radares","tag-ruta","tag-seguridad","tag-ubicados","tag-vial"],"jetpack_publicize_connections":[],"jetpack_featured_media_url":"https:\/\/armstrongyregion.com.ar\/diario\/wp-content\/uploads\/2016\/05\/Plaza-San-Mart\u00edn.jpg","jetpack_shortlink":"https:\/\/wp.me\/p62QDO-20e","jetpack_sharing_enabled":true,"amp_enabled":true,"_links":{"self":[{"href":"https:\/\/armstrongyregion.com.ar\/diario\/wp-json\/wp\/v2\/posts\/7702","targetHints":{"allow":["GET"]}}],"collection":[{"href":"https:\/\/armstrongyregion.com.ar\/diario\/wp-json\/wp\/v2\/posts"}],"about":[{"href":"https:\/\/armstrongyregion.com.ar\/diario\/wp-json\/wp\/v2\/types\/post"}],"author":[{"embeddable":true,"href":"https:\/\/armstrongyregion.com.ar\/diario\/wp-json\/wp\/v2\/users\/2"}],"replies":[{"embeddable":true,"href":"https:\/\/armstrongyregion.com.ar\/diario\/wp-json\/wp\/v2\/comments?post=7702"}],"version-history":[{"count":0,"href":"https:\/\/armstrongyregion.com.ar\/diario\/wp-json\/wp\/v2\/posts\/7702\/revisions"}],"wp:featuredmedia":[{"embeddable":true,"href":"https:\/\/armstrongyregion.com.ar\/diario\/wp-json\/wp\/v2\/media\/7703"}],"wp:attachment":[{"href":"https:\/\/armstrongyregion.com.ar\/diario\/wp-json\/wp\/v2\/media?parent=7702"}],"wp:term":[{"taxonomy":"category","embeddable":true,"href":"https:\/\/armstrongyregion.com.ar\/diario\/wp-json\/wp\/v2\/categories?post=7702"},{"taxonomy":"post_tag","embeddable":true,"href":"https:\/\/armstrongyregion.com.ar\/diario\/wp-json\/wp\/v2\/tags?post=7702"}],"curies":[{"name":"wp","href":"https:\/\/api.w.org\/{rel}","templated":true}]}}