{"id":7692,"date":"2016-05-12T10:59:44","date_gmt":"2016-05-12T10:59:44","guid":{"rendered":"https:\/\/armstrongyregion.com.ar\/diario\/?p=7692"},"modified":"2016-05-12T11:01:57","modified_gmt":"2016-05-12T11:01:57","slug":"incertidumbre-en-cruz-alta-aun-no-pueden-identificar-que-le-causo-la-muerte-a-3-personas-en-tres-dias","status":"publish","type":"post","link":"https:\/\/armstrongyregion.com.ar\/diario\/incertidumbre-en-cruz-alta-aun-no-pueden-identificar-que-le-causo-la-muerte-a-3-personas-en-tres-dias\/","title":{"rendered":"Incertidumbre en Cruz Alta: A\u00fan no pueden identificar que le caus\u00f3 la muerte a 3 personas en tres d\u00edas."},"content":{"rendered":"<p><strong><a href=\"http:\/\/armstrongyregion.com.ar\/diario\/wp-content\/uploads\/2016\/05\/Cruz-Alta.jpg\"><img loading=\"lazy\" decoding=\"async\" class=\"alignnone size-full wp-image-7693\" src=\"http:\/\/armstrongyregion.com.ar\/diario\/wp-content\/uploads\/2016\/05\/Cruz-Alta.jpg\" alt=\"Cruz-Alta\" width=\"768\" height=\"471\" srcset=\"https:\/\/armstrongyregion.com.ar\/diario\/wp-content\/uploads\/2016\/05\/Cruz-Alta.jpg 768w, https:\/\/armstrongyregion.com.ar\/diario\/wp-content\/uploads\/2016\/05\/Cruz-Alta-300x184.jpg 300w\" sizes=\"auto, (max-width: 768px) 100vw, 768px\" \/><\/a>Tres personas j\u00f3venes fallecieron en los \u00faltimos d\u00edas en la localidad de Cruz Alta y todos ellos hab\u00edan sido derivados al hospital de Marcos Ju\u00e1rez con un cuadro similar al de neumon\u00eda pero las causas a\u00fan no fueron identificadas oficialmente.<\/strong><\/p>\n<p><strong>Esta situaci\u00f3n despert\u00f3 el alarma en la localidad y en las \u00faltimas horas se convoc\u00f3 a un trabajo en conjunto entre el departamento de\u00a0EPIDEMIOLOG\u00cdA de la ciudad de Marcos Ju\u00e1rez y el MINISTERIO DE SALUD de la Provincia de C\u00f3rdoba, representados por los Doctores Cohen y Negro.<\/strong><\/p>\n<p><strong>Seg\u00fan el informe emitido por los profesionales m\u00e9dicos, a\u00fan no est\u00e1 identificado el causante de la enfermedad y se prevee que para este jueves por la\u00a0ma\u00f1ana\u00a0llegue a la\u00a0localidad de Cruz Alta, personal especializado del Departamento de Epidemiolog\u00eda de C\u00f3rdoba para tratar directamente\u00a0los casos, analizando los cultivos de sangre que se les extrajo oportunamente a los fallecidos..<\/strong><\/p>\n<p><strong>El comunicado emitido por el Director del Hospital Municipal de Cruz Alta, Dr. Adri\u00e1n Rossi informa a la poblaci\u00f3n las medidas preventivas a tomar, entre las que se destacan:<\/strong><\/p>\n<p><strong>\u2022 RECLUSI\u00d3N EN VIVIENDA.<\/strong><br \/>\n<strong>\u2022 NO ESTAR EN CONTACTO CON PERSONAS ENFERMAS.<\/strong><br \/>\n<strong>\u2022 CONCURRIR A LOS SERVICIOS DE ATENCI\u00d3N M\u00c9DICA SOLO PACIENTES ENFERMOS, NO SE DEBEN REALIZAR CONTROLES PACIENTES SANOS.<\/strong><br \/>\n<strong>\u2022 USAR ALCOHOL EN GEL.<\/strong><br \/>\n<strong>\u2022 LIMPIAR LA VIVIENDA UTILIZANDO AGUA LAVANDINA, DESINFECTAR HABITACIONES Y TODAS LAS SUPERFICIES.<\/strong><br \/>\n<strong>\u2022 VENTILAR LA VIVIENDA.<\/strong><\/p>\n<p><strong>Hasta el momento los fallecidos son\u00a0dos hombres unos de 49 a\u00f1os y otro\u00a0de 34 a\u00f1os y una mujer de 43 a\u00f1os. Extraoficialmente no se descartan otros casos.<\/strong><\/p>\n<p>Fuente: El Soberano Web-<\/p>\n","protected":false},"excerpt":{"rendered":"<p>Tres personas j\u00f3venes fallecieron en los \u00faltimos d\u00edas en la localidad de Cruz Alta y todos ellos hab\u00edan sido derivados al hospital de Marcos Ju\u00e1rez con un cuadro similar al de neumon\u00eda pero las causas a\u00fan no fueron identificadas oficialmente. Esta situaci\u00f3n despert\u00f3 el alarma en la localidad y en las \u00faltimas horas se convoc\u00f3 <a href=\"https:\/\/armstrongyregion.com.ar\/diario\/incertidumbre-en-cruz-alta-aun-no-pueden-identificar-que-le-causo-la-muerte-a-3-personas-en-tres-dias\/\" title=\"Read more\" >&#8230;<\/a><\/p>\n","protected":false},"author":2,"featured_media":7693,"comment_status":"open","ping_status":"open","sticky":false,"template":"","format":"standard","meta":{"_jetpack_memberships_contains_paid_content":false,"footnotes":"","jetpack_publicize_message":"","jetpack_publicize_feature_enabled":true,"jetpack_social_post_already_shared":false,"jetpack_social_options":{"image_generator_settings":{"template":"highway","default_image_id":0,"enabled":false},"version":2}},"categories":[1,4,3],"tags":[33,1052,2168,3903,1051,706,15,3902,3901,31,3732,1180,96,696,2308,108,43],"class_list":["post-7692","post","type-post","status-publish","format-standard","has-post-thumbnail","hentry","category-diario-armstrong","category-prevencion-salud","category-region","tag-a","tag-alta","tag-aun","tag-causo","tag-cruz","tag-dias","tag-en","tag-identificar","tag-incertidumbre","tag-la","tag-les","tag-muerte","tag-no","tag-personas","tag-pueden","tag-que","tag-tres"],"jetpack_publicize_connections":[],"jetpack_featured_media_url":"https:\/\/armstrongyregion.com.ar\/diario\/wp-content\/uploads\/2016\/05\/Cruz-Alta.jpg","jetpack_shortlink":"https:\/\/wp.me\/p62QDO-204","jetpack_sharing_enabled":true,"amp_enabled":true,"_links":{"self":[{"href":"https:\/\/armstrongyregion.com.ar\/diario\/wp-json\/wp\/v2\/posts\/7692","targetHints":{"allow":["GET"]}}],"collection":[{"href":"https:\/\/armstrongyregion.com.ar\/diario\/wp-json\/wp\/v2\/posts"}],"about":[{"href":"https:\/\/armstrongyregion.com.ar\/diario\/wp-json\/wp\/v2\/types\/post"}],"author":[{"embeddable":true,"href":"https:\/\/armstrongyregion.com.ar\/diario\/wp-json\/wp\/v2\/users\/2"}],"replies":[{"embeddable":true,"href":"https:\/\/armstrongyregion.com.ar\/diario\/wp-json\/wp\/v2\/comments?post=7692"}],"version-history":[{"count":0,"href":"https:\/\/armstrongyregion.com.ar\/diario\/wp-json\/wp\/v2\/posts\/7692\/revisions"}],"wp:featuredmedia":[{"embeddable":true,"href":"https:\/\/armstrongyregion.com.ar\/diario\/wp-json\/wp\/v2\/media\/7693"}],"wp:attachment":[{"href":"https:\/\/armstrongyregion.com.ar\/diario\/wp-json\/wp\/v2\/media?parent=7692"}],"wp:term":[{"taxonomy":"category","embeddable":true,"href":"https:\/\/armstrongyregion.com.ar\/diario\/wp-json\/wp\/v2\/categories?post=7692"},{"taxonomy":"post_tag","embeddable":true,"href":"https:\/\/armstrongyregion.com.ar\/diario\/wp-json\/wp\/v2\/tags?post=7692"}],"curies":[{"name":"wp","href":"https:\/\/api.w.org\/{rel}","templated":true}]}}