{"id":7689,"date":"2016-05-12T03:58:38","date_gmt":"2016-05-12T03:58:38","guid":{"rendered":"https:\/\/armstrongyregion.com.ar\/diario\/?p=7689"},"modified":"2016-05-12T03:58:38","modified_gmt":"2016-05-12T03:58:38","slug":"analizaran-con-industriales-santafesinos-el-impacto-de-importaciones","status":"publish","type":"post","link":"https:\/\/armstrongyregion.com.ar\/diario\/analizaran-con-industriales-santafesinos-el-impacto-de-importaciones\/","title":{"rendered":"Analizar\u00e1n con industriales santafesinos el impacto de importaciones."},"content":{"rendered":"<p><a href=\"http:\/\/armstrongyregion.com.ar\/diario\/wp-content\/uploads\/2016\/05\/industria.jpg_1572130063.jpg\"><img loading=\"lazy\" decoding=\"async\" class=\"alignnone size-full wp-image-7690\" src=\"http:\/\/armstrongyregion.com.ar\/diario\/wp-content\/uploads\/2016\/05\/industria.jpg_1572130063.jpg\" alt=\"industria.\" width=\"760\" height=\"428\" srcset=\"https:\/\/armstrongyregion.com.ar\/diario\/wp-content\/uploads\/2016\/05\/industria.jpg_1572130063.jpg 760w, https:\/\/armstrongyregion.com.ar\/diario\/wp-content\/uploads\/2016\/05\/industria.jpg_1572130063-300x169.jpg 300w\" sizes=\"auto, (max-width: 760px) 100vw, 760px\" \/><\/a>El ministro de la Producci\u00f3n de la provincia mantendr\u00e1 este jueves un encuentro\u00a0con representantes de pymes\u00a0para evaluar las consecuencias\u00a0en las distintas cadenas de valor. La reuni\u00f3n se desarrollar\u00e1 en la sede de Fisfe, en Rosario.<\/p>\n<p>El ministro de la Producci\u00f3n de la provincia, Luis Contigiani, y el secretario de Industria, Agregado de Valor e Innovaci\u00f3n, Emiliano Pietropaolo, mantendr\u00e1n este jueves en Rosario un encuentro con representantes de pymes industriales santafesinas.<\/p>\n<p>Seg\u00fan detall\u00f3 el gobierno santafesino a trav\u00e9s de un comunicado, la convocatoria es para analizar el impacto de las importaciones, en las distintas cadenas de valor del rubro en la provincia.<\/p>\n<p>La reuni\u00f3n tendr\u00e1 lugar este jueves a las 10, en la sede de la Federaci\u00f3n Industrial de Santa Fe (Fisfe), Entre R\u00edos 1464.<\/p>\n<p>Fuente: Rosario3.com<\/p>\n","protected":false},"excerpt":{"rendered":"<p>El ministro de la Producci\u00f3n de la provincia mantendr\u00e1 este jueves un encuentro\u00a0con representantes de pymes\u00a0para evaluar las consecuencias\u00a0en las distintas cadenas de valor. La reuni\u00f3n se desarrollar\u00e1 en la sede de Fisfe, en Rosario. El ministro de la Producci\u00f3n de la provincia, Luis Contigiani, y el secretario de Industria, Agregado de Valor e Innovaci\u00f3n, <a href=\"https:\/\/armstrongyregion.com.ar\/diario\/analizaran-con-industriales-santafesinos-el-impacto-de-importaciones\/\" title=\"Read more\" >&#8230;<\/a><\/p>\n","protected":false},"author":2,"featured_media":7690,"comment_status":"open","ping_status":"open","sticky":false,"template":"","format":"standard","meta":{"_jetpack_memberships_contains_paid_content":false,"footnotes":"","jetpack_publicize_message":"","jetpack_publicize_feature_enabled":true,"jetpack_social_post_already_shared":false,"jetpack_social_options":{"image_generator_settings":{"template":"highway","default_image_id":0,"enabled":false},"version":2}},"categories":[1,2,7,3],"tags":[3899,100,19,16,3900,3314,2329,1172],"class_list":["post-7689","post","type-post","status-publish","format-standard","has-post-thumbnail","hentry","category-diario-armstrong","category-locales","category-politica","category-region","tag-analizaran","tag-con","tag-de","tag-el","tag-impacto","tag-importaciones","tag-industriales","tag-santafesinos"],"jetpack_publicize_connections":[],"jetpack_featured_media_url":"https:\/\/armstrongyregion.com.ar\/diario\/wp-content\/uploads\/2016\/05\/industria.jpg_1572130063.jpg","jetpack_shortlink":"https:\/\/wp.me\/p62QDO-201","jetpack_sharing_enabled":true,"amp_enabled":true,"_links":{"self":[{"href":"https:\/\/armstrongyregion.com.ar\/diario\/wp-json\/wp\/v2\/posts\/7689","targetHints":{"allow":["GET"]}}],"collection":[{"href":"https:\/\/armstrongyregion.com.ar\/diario\/wp-json\/wp\/v2\/posts"}],"about":[{"href":"https:\/\/armstrongyregion.com.ar\/diario\/wp-json\/wp\/v2\/types\/post"}],"author":[{"embeddable":true,"href":"https:\/\/armstrongyregion.com.ar\/diario\/wp-json\/wp\/v2\/users\/2"}],"replies":[{"embeddable":true,"href":"https:\/\/armstrongyregion.com.ar\/diario\/wp-json\/wp\/v2\/comments?post=7689"}],"version-history":[{"count":0,"href":"https:\/\/armstrongyregion.com.ar\/diario\/wp-json\/wp\/v2\/posts\/7689\/revisions"}],"wp:featuredmedia":[{"embeddable":true,"href":"https:\/\/armstrongyregion.com.ar\/diario\/wp-json\/wp\/v2\/media\/7690"}],"wp:attachment":[{"href":"https:\/\/armstrongyregion.com.ar\/diario\/wp-json\/wp\/v2\/media?parent=7689"}],"wp:term":[{"taxonomy":"category","embeddable":true,"href":"https:\/\/armstrongyregion.com.ar\/diario\/wp-json\/wp\/v2\/categories?post=7689"},{"taxonomy":"post_tag","embeddable":true,"href":"https:\/\/armstrongyregion.com.ar\/diario\/wp-json\/wp\/v2\/tags?post=7689"}],"curies":[{"name":"wp","href":"https:\/\/api.w.org\/{rel}","templated":true}]}}