{"id":7686,"date":"2016-05-12T03:47:17","date_gmt":"2016-05-12T03:47:17","guid":{"rendered":"https:\/\/armstrongyregion.com.ar\/diario\/?p=7686"},"modified":"2016-05-12T03:47:17","modified_gmt":"2016-05-12T03:47:17","slug":"bloque-del-frente-progresista-balance-de-sesion","status":"publish","type":"post","link":"https:\/\/armstrongyregion.com.ar\/diario\/bloque-del-frente-progresista-balance-de-sesion\/","title":{"rendered":"Bloque del Frente Progresista, balance de sesi\u00f3n."},"content":{"rendered":"<p><a href=\"http:\/\/armstrongyregion.com.ar\/diario\/wp-content\/uploads\/2016\/05\/armstrong-region.jpg\"><img loading=\"lazy\" decoding=\"async\" class=\"alignnone size-full wp-image-7687\" src=\"http:\/\/armstrongyregion.com.ar\/diario\/wp-content\/uploads\/2016\/05\/armstrong-region.jpg\" alt=\"armstrong region\" width=\"768\" height=\"510\" srcset=\"https:\/\/armstrongyregion.com.ar\/diario\/wp-content\/uploads\/2016\/05\/armstrong-region.jpg 768w, https:\/\/armstrongyregion.com.ar\/diario\/wp-content\/uploads\/2016\/05\/armstrong-region-300x199.jpg 300w\" sizes=\"auto, (max-width: 768px) 100vw, 768px\" \/><\/a>Esta semana el Bloque del frente Progresista, present\u00f3 un proyecto de comunicaci\u00f3n, para que de parte del departamento Ejecutivo, se eval\u00fae por parte de la Secretar\u00eda de Obras P\u00fablicas la posibilidad de realizar tareas de remodelaci\u00f3n, en el acceso a la ciudad por calle Fischer desde Ruta Nacional N\u00ba 9.- El proyecto fue aprobado sobre tablas.<\/p>\n<p>El Pte del concejo Adrian Marozzi, hizo referencia al aumento en la tarifa de remises. \u201cCon el tema de remises tuvimos consideraci\u00f3n por las dos partes, por un lado, los aumentos en los consumos por parte de los remiseros, y por otro el bolsillo de la gente. Tambi\u00e9n hizo referencia sobre\u00a0 la muestra fotogr\u00e1fica que se realizara el d\u00eda jueves a las 20hs\u00a0 en relaci\u00f3n a los 30 a\u00f1os del concejo Municipal.<\/p>\n<p>El lamentable fallecimiento del Dr. Ra\u00fal Di Pascuale, transformo esto en una especie de homenaje que le tributa la comunidad, a quien junto con Ariel Pacifico estuvieran trabajando en esta muestra fotogr\u00e1fica\u201d.<\/p>\n","protected":false},"excerpt":{"rendered":"<p>Esta semana el Bloque del frente Progresista, present\u00f3 un proyecto de comunicaci\u00f3n, para que de parte del departamento Ejecutivo, se eval\u00fae por parte de la Secretar\u00eda de Obras P\u00fablicas la posibilidad de realizar tareas de remodelaci\u00f3n, en el acceso a la ciudad por calle Fischer desde Ruta Nacional N\u00ba 9.- El proyecto fue aprobado sobre <a href=\"https:\/\/armstrongyregion.com.ar\/diario\/bloque-del-frente-progresista-balance-de-sesion\/\" title=\"Read more\" >&#8230;<\/a><\/p>\n","protected":false},"author":2,"featured_media":7687,"comment_status":"open","ping_status":"open","sticky":false,"template":"","format":"standard","meta":{"_jetpack_memberships_contains_paid_content":false,"footnotes":"","jetpack_publicize_message":"","jetpack_publicize_feature_enabled":true,"jetpack_social_post_already_shared":false,"jetpack_social_options":{"image_generator_settings":{"template":"highway","default_image_id":0,"enabled":false},"version":2}},"categories":[1,2,7],"tags":[237,1830,19,53,257,1075,2534],"class_list":["post-7686","post","type-post","status-publish","format-standard","has-post-thumbnail","hentry","category-diario-armstrong","category-locales","category-politica","tag-balance","tag-bloque","tag-de","tag-del","tag-frente","tag-progresista","tag-sesion"],"jetpack_publicize_connections":[],"jetpack_featured_media_url":"https:\/\/armstrongyregion.com.ar\/diario\/wp-content\/uploads\/2016\/05\/armstrong-region.jpg","jetpack_shortlink":"https:\/\/wp.me\/p62QDO-1ZY","jetpack_sharing_enabled":true,"amp_enabled":true,"_links":{"self":[{"href":"https:\/\/armstrongyregion.com.ar\/diario\/wp-json\/wp\/v2\/posts\/7686","targetHints":{"allow":["GET"]}}],"collection":[{"href":"https:\/\/armstrongyregion.com.ar\/diario\/wp-json\/wp\/v2\/posts"}],"about":[{"href":"https:\/\/armstrongyregion.com.ar\/diario\/wp-json\/wp\/v2\/types\/post"}],"author":[{"embeddable":true,"href":"https:\/\/armstrongyregion.com.ar\/diario\/wp-json\/wp\/v2\/users\/2"}],"replies":[{"embeddable":true,"href":"https:\/\/armstrongyregion.com.ar\/diario\/wp-json\/wp\/v2\/comments?post=7686"}],"version-history":[{"count":0,"href":"https:\/\/armstrongyregion.com.ar\/diario\/wp-json\/wp\/v2\/posts\/7686\/revisions"}],"wp:featuredmedia":[{"embeddable":true,"href":"https:\/\/armstrongyregion.com.ar\/diario\/wp-json\/wp\/v2\/media\/7687"}],"wp:attachment":[{"href":"https:\/\/armstrongyregion.com.ar\/diario\/wp-json\/wp\/v2\/media?parent=7686"}],"wp:term":[{"taxonomy":"category","embeddable":true,"href":"https:\/\/armstrongyregion.com.ar\/diario\/wp-json\/wp\/v2\/categories?post=7686"},{"taxonomy":"post_tag","embeddable":true,"href":"https:\/\/armstrongyregion.com.ar\/diario\/wp-json\/wp\/v2\/tags?post=7686"}],"curies":[{"name":"wp","href":"https:\/\/api.w.org\/{rel}","templated":true}]}}