{"id":7677,"date":"2016-05-11T17:06:31","date_gmt":"2016-05-11T17:06:31","guid":{"rendered":"https:\/\/armstrongyregion.com.ar\/diario\/?p=7677"},"modified":"2016-05-11T17:06:31","modified_gmt":"2016-05-11T17:06:31","slug":"el-concejo-declara-de-interes-municipal-muestra-fotografica-y-homenaje-al-dr-raul-di-pascuale","status":"publish","type":"post","link":"https:\/\/armstrongyregion.com.ar\/diario\/el-concejo-declara-de-interes-municipal-muestra-fotografica-y-homenaje-al-dr-raul-di-pascuale\/","title":{"rendered":"El Concejo declara de Inter\u00e9s Municipal  Muestra Fotogr\u00e1fica y Homenaje al Dr. Raul Di Pascuale."},"content":{"rendered":"<p><a href=\"http:\/\/armstrongyregion.com.ar\/diario\/wp-content\/uploads\/2016\/05\/Euge-Di-Pascuale-.jpg\"><img loading=\"lazy\" decoding=\"async\" class=\"alignnone size-full wp-image-7678\" src=\"http:\/\/armstrongyregion.com.ar\/diario\/wp-content\/uploads\/2016\/05\/Euge-Di-Pascuale-.jpg\" alt=\"Euge- Di Pascuale-\" width=\"768\" height=\"515\" srcset=\"https:\/\/armstrongyregion.com.ar\/diario\/wp-content\/uploads\/2016\/05\/Euge-Di-Pascuale-.jpg 768w, https:\/\/armstrongyregion.com.ar\/diario\/wp-content\/uploads\/2016\/05\/Euge-Di-Pascuale--300x201.jpg 300w\" sizes=\"auto, (max-width: 768px) 100vw, 768px\" \/><\/a>El d\u00eda jueves 12 de Mayo, se realizar\u00e1 en el Concejo Municipal, una muestra fotogr\u00e1fica relacionada con im\u00e1genes de nuestra ciudad; y,<\/p>\n<p>&nbsp;<\/p>\n<p>CONSIDERANDO:<\/p>\n<p>&nbsp;<\/p>\n<p>Que la misma, se realiza dentro del marco de las actividades propuestas, por cumplirse los 30 a\u00f1os de la creaci\u00f3n de este Concejo Municipal;<\/p>\n<p>&nbsp;<\/p>\n<p>Que este es el inicio de una serie de\u00a0 actividades socio &#8211; culturales, destinadas a generar una mayor interacci\u00f3n del Concejo con la ciudadan\u00eda;<\/p>\n<p>&nbsp;<\/p>\n<p>Que los creadores de dicha muestra,\u00a0 son el\u00a0 Dr. Ra\u00fal Di Pascuale y\u00a0 el Sr. Ariel Pac\u00edfico;<\/p>\n<p>&nbsp;<\/p>\n<p>Que se reflejan en ella,\u00a0 im\u00e1genes\u00a0 de\u00a0 diferentes\u00a0 lugares\u00a0 representativos\u00a0 de\u00a0 nuestra ciudad de Armstrong;<\/p>\n<p>&nbsp;<\/p>\n<p>Que las obras presentadas, pasar\u00e1n\u00a0 a\u00a0 formar parte\u00a0 del\u00a0 patrimonio de este Cuerpo;<\/p>\n<p>&nbsp;<\/p>\n<p>Que este evento, es tambi\u00e9n un homenaje al Dr. Ra\u00fal Di Pascuale, quien fuera uno de los autores de esta exposici\u00f3n fotogr\u00e1fica;<\/p>\n<p>&nbsp;<\/p>\n<p>POR ELLO:<\/p>\n<p>EL CONCEJO MUNICIPAL DE ARMSTRONG, SANCIONA LA SIGUIENTE<\/p>\n<p>&nbsp;<\/p>\n<p>MINUTA DE DECLARACI\u00d3N\u00a0 N\u00b0 771<\/p>\n<p>Art\u00edculo 1\u00b0: Este Cuerpo declara de Inter\u00e9s Municipal, la\u00a0 muestra fotogr\u00e1fica relacionada con im\u00e1genes de nuestra ciudad, que se realizar\u00e1 el d\u00eda 12 de Mayo del corriente a\u00f1o.<\/p>\n<p>Art\u00edculo\u00a0 2\u00b0: Comun\u00edquese, publ\u00edquese y dese al R.M.-<\/p>\n<p>Imagen de Nota: Euge Di Pascuale-<\/p>\n","protected":false},"excerpt":{"rendered":"<p>El d\u00eda jueves 12 de Mayo, se realizar\u00e1 en el Concejo Municipal, una muestra fotogr\u00e1fica relacionada con im\u00e1genes de nuestra ciudad; y, &nbsp; CONSIDERANDO: &nbsp; Que la misma, se realiza dentro del marco de las actividades propuestas, por cumplirse los 30 a\u00f1os de la creaci\u00f3n de este Concejo Municipal; &nbsp; Que este es el inicio <a href=\"https:\/\/armstrongyregion.com.ar\/diario\/el-concejo-declara-de-interes-municipal-muestra-fotografica-y-homenaje-al-dr-raul-di-pascuale\/\" title=\"Read more\" >&#8230;<\/a><\/p>\n","protected":false},"author":2,"featured_media":7678,"comment_status":"open","ping_status":"open","sticky":false,"template":"","format":"standard","meta":{"_jetpack_memberships_contains_paid_content":false,"footnotes":"","jetpack_publicize_message":"","jetpack_publicize_feature_enabled":true,"jetpack_social_post_already_shared":false,"jetpack_social_options":{"image_generator_settings":{"template":"highway","default_image_id":0,"enabled":false},"version":2}},"categories":[1,2,3],"tags":[614,3226,2072,1394,1358,524,1733,1732,13],"class_list":["post-7677","post","type-post","status-publish","format-standard","has-post-thumbnail","hentry","category-diario-armstrong","category-locales","category-region","tag-di","tag-fotografica","tag-homenaje","tag-interes","tag-muestra","tag-municipal","tag-pascuale","tag-raul","tag-y"],"jetpack_publicize_connections":[],"jetpack_featured_media_url":"https:\/\/armstrongyregion.com.ar\/diario\/wp-content\/uploads\/2016\/05\/Euge-Di-Pascuale-.jpg","jetpack_shortlink":"https:\/\/wp.me\/p62QDO-1ZP","jetpack_sharing_enabled":true,"amp_enabled":true,"_links":{"self":[{"href":"https:\/\/armstrongyregion.com.ar\/diario\/wp-json\/wp\/v2\/posts\/7677","targetHints":{"allow":["GET"]}}],"collection":[{"href":"https:\/\/armstrongyregion.com.ar\/diario\/wp-json\/wp\/v2\/posts"}],"about":[{"href":"https:\/\/armstrongyregion.com.ar\/diario\/wp-json\/wp\/v2\/types\/post"}],"author":[{"embeddable":true,"href":"https:\/\/armstrongyregion.com.ar\/diario\/wp-json\/wp\/v2\/users\/2"}],"replies":[{"embeddable":true,"href":"https:\/\/armstrongyregion.com.ar\/diario\/wp-json\/wp\/v2\/comments?post=7677"}],"version-history":[{"count":0,"href":"https:\/\/armstrongyregion.com.ar\/diario\/wp-json\/wp\/v2\/posts\/7677\/revisions"}],"wp:featuredmedia":[{"embeddable":true,"href":"https:\/\/armstrongyregion.com.ar\/diario\/wp-json\/wp\/v2\/media\/7678"}],"wp:attachment":[{"href":"https:\/\/armstrongyregion.com.ar\/diario\/wp-json\/wp\/v2\/media?parent=7677"}],"wp:term":[{"taxonomy":"category","embeddable":true,"href":"https:\/\/armstrongyregion.com.ar\/diario\/wp-json\/wp\/v2\/categories?post=7677"},{"taxonomy":"post_tag","embeddable":true,"href":"https:\/\/armstrongyregion.com.ar\/diario\/wp-json\/wp\/v2\/tags?post=7677"}],"curies":[{"name":"wp","href":"https:\/\/api.w.org\/{rel}","templated":true}]}}