{"id":7670,"date":"2016-05-11T14:01:23","date_gmt":"2016-05-11T14:01:23","guid":{"rendered":"https:\/\/armstrongyregion.com.ar\/diario\/?p=7670"},"modified":"2016-05-11T14:01:23","modified_gmt":"2016-05-11T14:01:23","slug":"comunicado-municipalidad-de-las-rosas","status":"publish","type":"post","link":"https:\/\/armstrongyregion.com.ar\/diario\/comunicado-municipalidad-de-las-rosas\/","title":{"rendered":"Comunicado Municipalidad de Las Rosas."},"content":{"rendered":"<p><a href=\"http:\/\/armstrongyregion.com.ar\/diario\/wp-content\/uploads\/2016\/05\/muni-de-las-rosas-.jpg\"><img loading=\"lazy\" decoding=\"async\" class=\"alignnone size-full wp-image-7671\" src=\"http:\/\/armstrongyregion.com.ar\/diario\/wp-content\/uploads\/2016\/05\/muni-de-las-rosas-.jpg\" alt=\"muni-de-las-rosas-\" width=\"768\" height=\"544\" srcset=\"https:\/\/armstrongyregion.com.ar\/diario\/wp-content\/uploads\/2016\/05\/muni-de-las-rosas-.jpg 768w, https:\/\/armstrongyregion.com.ar\/diario\/wp-content\/uploads\/2016\/05\/muni-de-las-rosas--300x213.jpg 300w\" sizes=\"auto, (max-width: 768px) 100vw, 768px\" \/><\/a>La Municipalidad de la Ciudad de Las Rosas ha solucionado el conflicto que ten\u00eda sometida a toda la poblaci\u00f3n desde hace ya unos meses.<br \/>\nEl Intendente de esta localidad, Sr. Javier Meyer, ha aceptado la nueva Conciliaci\u00f3n obligatoria dispuesta por el Ministerio de Trabajo, ya que los t\u00e9rminos de \u00e9sta, no lo obligan a retrotraer al 18 de diciembre, incurriendo en las mismas irregularidades que ha corregido, y el decreto 02\/2016 sigue en vigencia. Se abonaran los salarios ca\u00eddos sin adicionales, que pasar\u00e1n a una mesa de revisi\u00f3n. Dicha mesa tendr\u00e1 una vigencia de 180 d\u00edas, de los cuales, en los primeros 30, se revisar\u00e1n los adicionales que han sido la base de este conflicto. En el caso de no llegar a un acuerdo, las partes podr\u00e1n iniciar acciones individuales.<br \/>\nSe depositar\u00e1n los salarios a los trabajadores en huelga y volver\u00e1n a sus puestos de Trabajo.<br \/>\nFernando Butto<br \/>\nDir. Prensa, Cultura y Difusi\u00f3n<br \/>\nMunicipalidad de Las Rosas<\/p>\n","protected":false},"excerpt":{"rendered":"<p>La Municipalidad de la Ciudad de Las Rosas ha solucionado el conflicto que ten\u00eda sometida a toda la poblaci\u00f3n desde hace ya unos meses. El Intendente de esta localidad, Sr. Javier Meyer, ha aceptado la nueva Conciliaci\u00f3n obligatoria dispuesta por el Ministerio de Trabajo, ya que los t\u00e9rminos de \u00e9sta, no lo obligan a retrotraer <a href=\"https:\/\/armstrongyregion.com.ar\/diario\/comunicado-municipalidad-de-las-rosas\/\" title=\"Read more\" >&#8230;<\/a><\/p>\n","protected":false},"author":2,"featured_media":7671,"comment_status":"open","ping_status":"open","sticky":false,"template":"","format":"standard","meta":{"_jetpack_memberships_contains_paid_content":false,"footnotes":"","jetpack_publicize_message":"","jetpack_publicize_feature_enabled":true,"jetpack_social_post_already_shared":false,"jetpack_social_options":{"image_generator_settings":{"template":"highway","default_image_id":0,"enabled":false},"version":2}},"categories":[1,7,3],"tags":[1080,19,23,1103,361],"class_list":["post-7670","post","type-post","status-publish","format-standard","has-post-thumbnail","hentry","category-diario-armstrong","category-politica","category-region","tag-comunicado","tag-de","tag-las","tag-municipalidad","tag-rosas"],"jetpack_publicize_connections":[],"jetpack_featured_media_url":"https:\/\/armstrongyregion.com.ar\/diario\/wp-content\/uploads\/2016\/05\/muni-de-las-rosas-.jpg","jetpack_shortlink":"https:\/\/wp.me\/p62QDO-1ZI","jetpack_sharing_enabled":true,"amp_enabled":true,"_links":{"self":[{"href":"https:\/\/armstrongyregion.com.ar\/diario\/wp-json\/wp\/v2\/posts\/7670","targetHints":{"allow":["GET"]}}],"collection":[{"href":"https:\/\/armstrongyregion.com.ar\/diario\/wp-json\/wp\/v2\/posts"}],"about":[{"href":"https:\/\/armstrongyregion.com.ar\/diario\/wp-json\/wp\/v2\/types\/post"}],"author":[{"embeddable":true,"href":"https:\/\/armstrongyregion.com.ar\/diario\/wp-json\/wp\/v2\/users\/2"}],"replies":[{"embeddable":true,"href":"https:\/\/armstrongyregion.com.ar\/diario\/wp-json\/wp\/v2\/comments?post=7670"}],"version-history":[{"count":0,"href":"https:\/\/armstrongyregion.com.ar\/diario\/wp-json\/wp\/v2\/posts\/7670\/revisions"}],"wp:featuredmedia":[{"embeddable":true,"href":"https:\/\/armstrongyregion.com.ar\/diario\/wp-json\/wp\/v2\/media\/7671"}],"wp:attachment":[{"href":"https:\/\/armstrongyregion.com.ar\/diario\/wp-json\/wp\/v2\/media?parent=7670"}],"wp:term":[{"taxonomy":"category","embeddable":true,"href":"https:\/\/armstrongyregion.com.ar\/diario\/wp-json\/wp\/v2\/categories?post=7670"},{"taxonomy":"post_tag","embeddable":true,"href":"https:\/\/armstrongyregion.com.ar\/diario\/wp-json\/wp\/v2\/tags?post=7670"}],"curies":[{"name":"wp","href":"https:\/\/api.w.org\/{rel}","templated":true}]}}