{"id":7664,"date":"2016-05-11T13:47:29","date_gmt":"2016-05-11T13:47:29","guid":{"rendered":"https:\/\/armstrongyregion.com.ar\/diario\/?p=7664"},"modified":"2016-05-11T14:10:00","modified_gmt":"2016-05-11T14:10:00","slug":"se-firmo-un-acta-acuerdo-en-santa-fe-y-la-municipalidad-se-pondria-en-marcha","status":"publish","type":"post","link":"https:\/\/armstrongyregion.com.ar\/diario\/se-firmo-un-acta-acuerdo-en-santa-fe-y-la-municipalidad-se-pondria-en-marcha\/","title":{"rendered":"Se firm\u00f3 un acta acuerdo en Santa Fe, y la municipalidad se pondr\u00eda en marcha"},"content":{"rendered":"<p><a href=\"http:\/\/armstrongyregion.com.ar\/diario\/wp-content\/uploads\/2016\/05\/conciliacion-.jpg\"><img loading=\"lazy\" decoding=\"async\" class=\"alignnone size-full wp-image-7665\" src=\"http:\/\/armstrongyregion.com.ar\/diario\/wp-content\/uploads\/2016\/05\/conciliacion-.jpg\" alt=\"conciliacion-\" width=\"1504\" height=\"1004\" srcset=\"https:\/\/armstrongyregion.com.ar\/diario\/wp-content\/uploads\/2016\/05\/conciliacion-.jpg 1504w, https:\/\/armstrongyregion.com.ar\/diario\/wp-content\/uploads\/2016\/05\/conciliacion--300x200.jpg 300w, https:\/\/armstrongyregion.com.ar\/diario\/wp-content\/uploads\/2016\/05\/conciliacion--1024x684.jpg 1024w\" sizes=\"auto, (max-width: 1504px) 100vw, 1504px\" \/><\/a>As\u00ed lo comunico el Intendente Javier Meyer, \u00abse van a pagar los d\u00edas ca\u00eddos, se levanta la medida de fuerza, los adicionales van a pasar a una mesa de revisi\u00f3n, de no ponerse de acuerdo las partes quedan liberadas a las acciones individuales\u00bb.<\/p>\n<p>Fuente: Las Rosas Digital.<\/p>\n<p>Javier Meyer-<\/p>\n<p>&nbsp;<\/p>\n<!--[if lt IE 9]><script>document.createElement('audio');<\/script><![endif]-->\n<audio class=\"wp-audio-shortcode\" id=\"audio-7664-1\" preload=\"none\" style=\"width: 100%;\" controls=\"controls\"><source type=\"audio\/mpeg\" src=\"http:\/\/armstrongyregion.com.ar\/diario\/wp-content\/uploads\/2016\/05\/javier-meyer-.mp3?_=1\" \/><a href=\"http:\/\/armstrongyregion.com.ar\/diario\/wp-content\/uploads\/2016\/05\/javier-meyer-.mp3\">http:\/\/armstrongyregion.com.ar\/diario\/wp-content\/uploads\/2016\/05\/javier-meyer-.mp3<\/a><\/audio>\n<p>&nbsp;<\/p>\n","protected":false},"excerpt":{"rendered":"<p>As\u00ed lo comunico el Intendente Javier Meyer, \u00abse van a pagar los d\u00edas ca\u00eddos, se levanta la medida de fuerza, los adicionales van a pasar a una mesa de revisi\u00f3n, de no ponerse de acuerdo las partes quedan liberadas a las acciones individuales\u00bb. Fuente: Las Rosas Digital. Javier Meyer- &nbsp; &nbsp;<\/p>\n","protected":false},"author":2,"featured_media":7665,"comment_status":"open","ping_status":"open","sticky":false,"template":"","format":"standard","meta":{"_jetpack_memberships_contains_paid_content":false,"footnotes":"","jetpack_publicize_message":"","jetpack_publicize_feature_enabled":true,"jetpack_social_post_already_shared":false,"jetpack_social_options":{"image_generator_settings":{"template":"highway","default_image_id":0,"enabled":false},"version":2}},"categories":[1,2,7,3],"tags":[],"class_list":["post-7664","post","type-post","status-publish","format-standard","has-post-thumbnail","hentry","category-diario-armstrong","category-locales","category-politica","category-region"],"jetpack_publicize_connections":[],"jetpack_featured_media_url":"https:\/\/armstrongyregion.com.ar\/diario\/wp-content\/uploads\/2016\/05\/conciliacion-.jpg","jetpack_shortlink":"https:\/\/wp.me\/p62QDO-1ZC","jetpack_sharing_enabled":true,"amp_enabled":true,"_links":{"self":[{"href":"https:\/\/armstrongyregion.com.ar\/diario\/wp-json\/wp\/v2\/posts\/7664","targetHints":{"allow":["GET"]}}],"collection":[{"href":"https:\/\/armstrongyregion.com.ar\/diario\/wp-json\/wp\/v2\/posts"}],"about":[{"href":"https:\/\/armstrongyregion.com.ar\/diario\/wp-json\/wp\/v2\/types\/post"}],"author":[{"embeddable":true,"href":"https:\/\/armstrongyregion.com.ar\/diario\/wp-json\/wp\/v2\/users\/2"}],"replies":[{"embeddable":true,"href":"https:\/\/armstrongyregion.com.ar\/diario\/wp-json\/wp\/v2\/comments?post=7664"}],"version-history":[{"count":0,"href":"https:\/\/armstrongyregion.com.ar\/diario\/wp-json\/wp\/v2\/posts\/7664\/revisions"}],"wp:featuredmedia":[{"embeddable":true,"href":"https:\/\/armstrongyregion.com.ar\/diario\/wp-json\/wp\/v2\/media\/7665"}],"wp:attachment":[{"href":"https:\/\/armstrongyregion.com.ar\/diario\/wp-json\/wp\/v2\/media?parent=7664"}],"wp:term":[{"taxonomy":"category","embeddable":true,"href":"https:\/\/armstrongyregion.com.ar\/diario\/wp-json\/wp\/v2\/categories?post=7664"},{"taxonomy":"post_tag","embeddable":true,"href":"https:\/\/armstrongyregion.com.ar\/diario\/wp-json\/wp\/v2\/tags?post=7664"}],"curies":[{"name":"wp","href":"https:\/\/api.w.org\/{rel}","templated":true}]}}