{"id":7661,"date":"2016-05-11T13:25:27","date_gmt":"2016-05-11T13:25:27","guid":{"rendered":"https:\/\/armstrongyregion.com.ar\/diario\/?p=7661"},"modified":"2016-05-11T13:25:27","modified_gmt":"2016-05-11T13:25:27","slug":"gestiones-de-clerici-ante-el-ministerio-de-salud-de-la-pcia","status":"publish","type":"post","link":"https:\/\/armstrongyregion.com.ar\/diario\/gestiones-de-clerici-ante-el-ministerio-de-salud-de-la-pcia\/","title":{"rendered":"Gestiones de Cl\u00e9rici ante el Ministerio de Salud de la Pcia."},"content":{"rendered":"<pre><a href=\"http:\/\/armstrongyregion.com.ar\/diario\/wp-content\/uploads\/2016\/05\/clerici-salud-.jpg\"><img loading=\"lazy\" decoding=\"async\" class=\"alignnone size-full wp-image-7662\" src=\"http:\/\/armstrongyregion.com.ar\/diario\/wp-content\/uploads\/2016\/05\/clerici-salud-.jpg\" alt=\"clerici-salud-\" width=\"768\" height=\"461\" srcset=\"https:\/\/armstrongyregion.com.ar\/diario\/wp-content\/uploads\/2016\/05\/clerici-salud-.jpg 768w, https:\/\/armstrongyregion.com.ar\/diario\/wp-content\/uploads\/2016\/05\/clerici-salud--300x180.jpg 300w\" sizes=\"auto, (max-width: 768px) 100vw, 768px\" \/><\/a>Present\u00f3 el proyecto para remodelaci\u00f3n y ampliaci\u00f3n del Centro de \r\nAtenci\u00f3n Primaria de la Salud del barrio Brigadier Estanislao L\u00f3pez.\r\n\r\nLa intendenta Stella Cl\u00e9rici inici\u00f3 gestiones ante el Ministerio de \r\nSalud provincial para solicitar financiamiento para remodelaci\u00f3n y \r\nampliaci\u00f3n del Centro de Atenci\u00f3n Primaria de la Salud del barrio \r\nBrigadier Estanislao L\u00f3pez.\r\nLa intervenci\u00f3n afecta una superficie de 86m2 atribuibles a las \r\nsiguientes \u00e1reas: sala de espera, consultorio odontol\u00f3gico, enfermer\u00eda, \r\ndos consultorios con dep\u00f3sito, office y ba\u00f1os. En el proyecto presentado \r\nCl\u00e9rici hizo hincapi\u00e9 en la prioridad de la prestaci\u00f3n de atenci\u00f3n \r\nodontol\u00f3gica en el lugar.\r\n\u201cEs muy importante la remodelaci\u00f3n de este centro de salud y la \r\nampliaci\u00f3n de su atenci\u00f3n para los vecinos del lugar\u201d, remarc\u00f3 la \r\nintendenta destacando que este pedido se suma a las reuniones del pasado \r\nfin de semana por la reubicaci\u00f3n del destacamento policial.\r\n\r\n<\/pre>\n","protected":false},"excerpt":{"rendered":"<p>Present\u00f3 el proyecto para remodelaci\u00f3n y ampliaci\u00f3n del Centro de Atenci\u00f3n Primaria de la Salud del barrio Brigadier Estanislao L\u00f3pez. La intendenta Stella Cl\u00e9rici inici\u00f3 gestiones ante el Ministerio de Salud provincial para solicitar financiamiento para remodelaci\u00f3n y ampliaci\u00f3n del Centro de Atenci\u00f3n Primaria de la Salud del barrio Brigadier Estanislao L\u00f3pez. La intervenci\u00f3n afecta <a href=\"https:\/\/armstrongyregion.com.ar\/diario\/gestiones-de-clerici-ante-el-ministerio-de-salud-de-la-pcia\/\" title=\"Read more\" >&#8230;<\/a><\/p>\n","protected":false},"author":2,"featured_media":7662,"comment_status":"open","ping_status":"open","sticky":false,"template":"","format":"standard","meta":{"_jetpack_memberships_contains_paid_content":false,"footnotes":"","jetpack_publicize_message":"","jetpack_publicize_feature_enabled":true,"jetpack_social_post_already_shared":false,"jetpack_social_options":{"image_generator_settings":{"template":"highway","default_image_id":0,"enabled":false},"version":2}},"categories":[1,4,3],"tags":[607,83,19,16,1306,31,860,3895],"class_list":["post-7661","post","type-post","status-publish","format-standard","has-post-thumbnail","hentry","category-diario-armstrong","category-prevencion-salud","category-region","tag-ante","tag-clerici","tag-de","tag-el","tag-gestiones","tag-la","tag-ministerio","tag-pcia"],"jetpack_publicize_connections":[],"jetpack_featured_media_url":"https:\/\/armstrongyregion.com.ar\/diario\/wp-content\/uploads\/2016\/05\/clerici-salud-.jpg","jetpack_shortlink":"https:\/\/wp.me\/p62QDO-1Zz","jetpack_sharing_enabled":true,"amp_enabled":true,"_links":{"self":[{"href":"https:\/\/armstrongyregion.com.ar\/diario\/wp-json\/wp\/v2\/posts\/7661","targetHints":{"allow":["GET"]}}],"collection":[{"href":"https:\/\/armstrongyregion.com.ar\/diario\/wp-json\/wp\/v2\/posts"}],"about":[{"href":"https:\/\/armstrongyregion.com.ar\/diario\/wp-json\/wp\/v2\/types\/post"}],"author":[{"embeddable":true,"href":"https:\/\/armstrongyregion.com.ar\/diario\/wp-json\/wp\/v2\/users\/2"}],"replies":[{"embeddable":true,"href":"https:\/\/armstrongyregion.com.ar\/diario\/wp-json\/wp\/v2\/comments?post=7661"}],"version-history":[{"count":0,"href":"https:\/\/armstrongyregion.com.ar\/diario\/wp-json\/wp\/v2\/posts\/7661\/revisions"}],"wp:featuredmedia":[{"embeddable":true,"href":"https:\/\/armstrongyregion.com.ar\/diario\/wp-json\/wp\/v2\/media\/7662"}],"wp:attachment":[{"href":"https:\/\/armstrongyregion.com.ar\/diario\/wp-json\/wp\/v2\/media?parent=7661"}],"wp:term":[{"taxonomy":"category","embeddable":true,"href":"https:\/\/armstrongyregion.com.ar\/diario\/wp-json\/wp\/v2\/categories?post=7661"},{"taxonomy":"post_tag","embeddable":true,"href":"https:\/\/armstrongyregion.com.ar\/diario\/wp-json\/wp\/v2\/tags?post=7661"}],"curies":[{"name":"wp","href":"https:\/\/api.w.org\/{rel}","templated":true}]}}