{"id":7658,"date":"2016-05-11T13:19:25","date_gmt":"2016-05-11T13:19:25","guid":{"rendered":"https:\/\/armstrongyregion.com.ar\/diario\/?p=7658"},"modified":"2016-05-11T13:19:25","modified_gmt":"2016-05-11T13:19:25","slug":"avanza-el-lanzamiento-de-un-diario-braille-en-canada-de-gomez","status":"publish","type":"post","link":"https:\/\/armstrongyregion.com.ar\/diario\/avanza-el-lanzamiento-de-un-diario-braille-en-canada-de-gomez\/","title":{"rendered":"Avanza el lanzamiento de un diario braille en Ca\u00f1ada de G\u00f3mez"},"content":{"rendered":"<p><a href=\"http:\/\/armstrongyregion.com.ar\/diario\/wp-content\/uploads\/2016\/05\/rasetto-1-.jpg\"><img loading=\"lazy\" decoding=\"async\" class=\"alignnone size-full wp-image-7659\" src=\"http:\/\/armstrongyregion.com.ar\/diario\/wp-content\/uploads\/2016\/05\/rasetto-1-.jpg\" alt=\"rasetto\" width=\"768\" height=\"576\" srcset=\"https:\/\/armstrongyregion.com.ar\/diario\/wp-content\/uploads\/2016\/05\/rasetto-1-.jpg 768w, https:\/\/armstrongyregion.com.ar\/diario\/wp-content\/uploads\/2016\/05\/rasetto-1--300x225.jpg 300w\" sizes=\"auto, (max-width: 768px) 100vw, 768px\" \/><\/a>La iniciativa conjunta de la Casa del Senado, la Escuela Primaria Especial N\u00b0 2031 \u00abMar\u00eda Molina De Alb\u00f3nico\u00bb y el peri\u00f3dico El Informe, se pondr\u00e1 en marcha en los pr\u00f3ximos d\u00edas. Esta semana habr\u00e1 una reuni\u00f3n ampliada para definir detalles de la novedosa publicaci\u00f3n.<\/p>\n<p>&nbsp;<\/p>\n<p>El concejal Fernando Mauroni, uno de los impulsores de este proyecto inclusivo, dijo que los alumnos y docentes de la escuela comienzan a producir el material y las noticias para la primera edici\u00f3n del suplemento, que una vez al mes saldr\u00e1 a la calle junto al peri\u00f3dico El Informe.<\/p>\n<p>&nbsp;<\/p>\n<p>Por otra parte, el senador Hugo Rasetto ya realiz\u00f3 un primer aporte para poner en marcha la iniciativa, con lo cual s\u00f3lo restan los \u00faltimos detalles para que el objetivo se concrete. Con este motivo, esta semana se realizar\u00e1 una reuni\u00f3n con todos los participantes del proyecto.<\/p>\n<p>&nbsp;<\/p>\n<p>La idea de editar un suplemento braille surgi\u00f3 en noviembre de 2015, con la particularidad que los contenidos ser\u00e1n elegidos y elaborados por los propios alumnos de la Primaria Especial \u00abMar\u00eda Molina de Alb\u00f3nico\u201d, con la colaboraci\u00f3n de sus docentes.<\/p>\n","protected":false},"excerpt":{"rendered":"<p>La iniciativa conjunta de la Casa del Senado, la Escuela Primaria Especial N\u00b0 2031 \u00abMar\u00eda Molina De Alb\u00f3nico\u00bb y el peri\u00f3dico El Informe, se pondr\u00e1 en marcha en los pr\u00f3ximos d\u00edas. Esta semana habr\u00e1 una reuni\u00f3n ampliada para definir detalles de la novedosa publicaci\u00f3n. &nbsp; El concejal Fernando Mauroni, uno de los impulsores de este <a href=\"https:\/\/armstrongyregion.com.ar\/diario\/avanza-el-lanzamiento-de-un-diario-braille-en-canada-de-gomez\/\" title=\"Read more\" >&#8230;<\/a><\/p>\n","protected":false},"author":2,"featured_media":7659,"comment_status":"open","ping_status":"open","sticky":false,"template":"","format":"standard","meta":{"_jetpack_memberships_contains_paid_content":false,"footnotes":"","jetpack_publicize_message":"","jetpack_publicize_feature_enabled":true,"jetpack_social_post_already_shared":false,"jetpack_social_options":{"image_generator_settings":{"template":"highway","default_image_id":0,"enabled":false},"version":2}},"categories":[6,1,3],"tags":[634,3171,19,3893,3894,164],"class_list":["post-7658","post","type-post","status-publish","format-standard","has-post-thumbnail","hentry","category-cultura-entretenimiento","category-diario-armstrong","category-region","tag-avanza","tag-braille","tag-de","tag-diario","tag-en-canada","tag-gomez"],"jetpack_publicize_connections":[],"jetpack_featured_media_url":"https:\/\/armstrongyregion.com.ar\/diario\/wp-content\/uploads\/2016\/05\/rasetto-1-.jpg","jetpack_shortlink":"https:\/\/wp.me\/p62QDO-1Zw","jetpack_sharing_enabled":true,"amp_enabled":true,"_links":{"self":[{"href":"https:\/\/armstrongyregion.com.ar\/diario\/wp-json\/wp\/v2\/posts\/7658","targetHints":{"allow":["GET"]}}],"collection":[{"href":"https:\/\/armstrongyregion.com.ar\/diario\/wp-json\/wp\/v2\/posts"}],"about":[{"href":"https:\/\/armstrongyregion.com.ar\/diario\/wp-json\/wp\/v2\/types\/post"}],"author":[{"embeddable":true,"href":"https:\/\/armstrongyregion.com.ar\/diario\/wp-json\/wp\/v2\/users\/2"}],"replies":[{"embeddable":true,"href":"https:\/\/armstrongyregion.com.ar\/diario\/wp-json\/wp\/v2\/comments?post=7658"}],"version-history":[{"count":0,"href":"https:\/\/armstrongyregion.com.ar\/diario\/wp-json\/wp\/v2\/posts\/7658\/revisions"}],"wp:featuredmedia":[{"embeddable":true,"href":"https:\/\/armstrongyregion.com.ar\/diario\/wp-json\/wp\/v2\/media\/7659"}],"wp:attachment":[{"href":"https:\/\/armstrongyregion.com.ar\/diario\/wp-json\/wp\/v2\/media?parent=7658"}],"wp:term":[{"taxonomy":"category","embeddable":true,"href":"https:\/\/armstrongyregion.com.ar\/diario\/wp-json\/wp\/v2\/categories?post=7658"},{"taxonomy":"post_tag","embeddable":true,"href":"https:\/\/armstrongyregion.com.ar\/diario\/wp-json\/wp\/v2\/tags?post=7658"}],"curies":[{"name":"wp","href":"https:\/\/api.w.org\/{rel}","templated":true}]}}