{"id":7648,"date":"2016-05-10T12:42:24","date_gmt":"2016-05-10T12:42:24","guid":{"rendered":"https:\/\/armstrongyregion.com.ar\/diario\/?p=7648"},"modified":"2016-05-15T01:16:26","modified_gmt":"2016-05-15T01:16:26","slug":"hoy-en-deliberando-realidad-industrial-y-cooperativa-de-obras-y-serv-publicos","status":"publish","type":"post","link":"https:\/\/armstrongyregion.com.ar\/diario\/hoy-en-deliberando-realidad-industrial-y-cooperativa-de-obras-y-serv-publicos\/","title":{"rendered":"Hoy en Deliberando realidad Industrial y Cooperativa  de Obras y Serv. P\u00fablicos."},"content":{"rendered":"<p><a href=\"http:\/\/armstrongyregion.com.ar\/diario\/wp-content\/uploads\/2016\/05\/DSC_0491.jpg\"><img loading=\"lazy\" decoding=\"async\" class=\"alignnone size-full wp-image-7649\" src=\"http:\/\/armstrongyregion.com.ar\/diario\/wp-content\/uploads\/2016\/05\/DSC_0491.jpg\" alt=\"Fabian-Mascheroni\" width=\"3456\" height=\"2304\" srcset=\"https:\/\/armstrongyregion.com.ar\/diario\/wp-content\/uploads\/2016\/05\/DSC_0491.jpg 3456w, https:\/\/armstrongyregion.com.ar\/diario\/wp-content\/uploads\/2016\/05\/DSC_0491-300x200.jpg 300w, https:\/\/armstrongyregion.com.ar\/diario\/wp-content\/uploads\/2016\/05\/DSC_0491-1024x683.jpg 1024w\" sizes=\"auto, (max-width: 3456px) 100vw, 3456px\" \/><\/a>Hoy en Deliberando hablaremos sobre la realidad industrial de Las Parejas y la regi\u00f3n, posibilidades de ventas durante el 2016, existencia de cr\u00e9ditos a tasa subsidiada y gestiones ante el Ministerio de Desarrollo para la ciudad parejense, con la voz autorizada de Fabian Mascheroni, Secret. de Producci\u00f3n de Las Parejas.<\/p>\n<p><iframe loading=\"lazy\" width=\"800\" height=\"450\" src=\"https:\/\/www.youtube.com\/embed\/DQAw0kqcYtM?feature=oembed\" frameborder=\"0\" allowfullscreen><\/iframe><\/p>\n<p>Tambi\u00e9n contaremos con la presencia del Ing. Ricardo Airasca, Gerente de \u00a0la \u00a0Cooperativa de Obras y Servicios P\u00fablicos de Armstrong, con quien hablaremos sobre la historia y el nacimiento de la misma, aumento de energ\u00eda el\u00e9ctrica y un posterior incremento en la factura del gas. Proyectos de la instituci\u00f3n a concretar durante este 2016, paneles solares y medidores inteligentes, entre otros temas.<\/p>\n<p><iframe loading=\"lazy\" width=\"800\" height=\"450\" src=\"https:\/\/www.youtube.com\/embed\/vGN4JtAP_n0?feature=oembed\" frameborder=\"0\" allowfullscreen><\/iframe><\/p>\n<p><iframe loading=\"lazy\" width=\"800\" height=\"450\" src=\"https:\/\/www.youtube.com\/embed\/sPDwsoriaJA?feature=oembed\" frameborder=\"0\" allowfullscreen><\/iframe><\/p>\n<p>Todo esto este martes en DELIBERANDO, con la conducci\u00f3n de la licenciada Graciela de la Casa y Oscar Crispino.<\/p>\n<p>CABLEIMAGENARMSTRONG. MARTES 21hs- REITERACION: MIERCOLES 13,30hs y DOMINGOS 13,30hs.<\/p>\n","protected":false},"excerpt":{"rendered":"<p>Hoy en Deliberando hablaremos sobre la realidad industrial de Las Parejas y la regi\u00f3n, posibilidades de ventas durante el 2016, existencia de cr\u00e9ditos a tasa subsidiada y gestiones ante el Ministerio de Desarrollo para la ciudad parejense, con la voz autorizada de Fabian Mascheroni, Secret. de Producci\u00f3n de Las Parejas. Tambi\u00e9n contaremos con la presencia <a href=\"https:\/\/armstrongyregion.com.ar\/diario\/hoy-en-deliberando-realidad-industrial-y-cooperativa-de-obras-y-serv-publicos\/\" title=\"Read more\" >&#8230;<\/a><\/p>\n","protected":false},"author":2,"featured_media":7649,"comment_status":"open","ping_status":"open","sticky":false,"template":"","format":"standard","meta":{"_jetpack_memberships_contains_paid_content":false,"footnotes":"","jetpack_publicize_message":"","jetpack_publicize_feature_enabled":true,"jetpack_social_post_already_shared":false,"jetpack_social_options":{"image_generator_settings":{"template":"highway","default_image_id":0,"enabled":false},"version":2}},"categories":[8,1,2,7,3],"tags":[3222,19,44,15,839,22,3891,628,2265,13],"class_list":["post-7648","post","type-post","status-publish","format-standard","has-post-thumbnail","hentry","category-deliberando","category-diario-armstrong","category-locales","category-politica","category-region","tag-cooperativa","tag-de","tag-deliberando-2","tag-en","tag-hoy","tag-industrial","tag-obras-y-servicios","tag-publicos","tag-realidad","tag-y"],"jetpack_publicize_connections":[],"jetpack_featured_media_url":"https:\/\/armstrongyregion.com.ar\/diario\/wp-content\/uploads\/2016\/05\/DSC_0491.jpg","jetpack_shortlink":"https:\/\/wp.me\/p62QDO-1Zm","jetpack_sharing_enabled":true,"amp_enabled":true,"_links":{"self":[{"href":"https:\/\/armstrongyregion.com.ar\/diario\/wp-json\/wp\/v2\/posts\/7648","targetHints":{"allow":["GET"]}}],"collection":[{"href":"https:\/\/armstrongyregion.com.ar\/diario\/wp-json\/wp\/v2\/posts"}],"about":[{"href":"https:\/\/armstrongyregion.com.ar\/diario\/wp-json\/wp\/v2\/types\/post"}],"author":[{"embeddable":true,"href":"https:\/\/armstrongyregion.com.ar\/diario\/wp-json\/wp\/v2\/users\/2"}],"replies":[{"embeddable":true,"href":"https:\/\/armstrongyregion.com.ar\/diario\/wp-json\/wp\/v2\/comments?post=7648"}],"version-history":[{"count":0,"href":"https:\/\/armstrongyregion.com.ar\/diario\/wp-json\/wp\/v2\/posts\/7648\/revisions"}],"wp:featuredmedia":[{"embeddable":true,"href":"https:\/\/armstrongyregion.com.ar\/diario\/wp-json\/wp\/v2\/media\/7649"}],"wp:attachment":[{"href":"https:\/\/armstrongyregion.com.ar\/diario\/wp-json\/wp\/v2\/media?parent=7648"}],"wp:term":[{"taxonomy":"category","embeddable":true,"href":"https:\/\/armstrongyregion.com.ar\/diario\/wp-json\/wp\/v2\/categories?post=7648"},{"taxonomy":"post_tag","embeddable":true,"href":"https:\/\/armstrongyregion.com.ar\/diario\/wp-json\/wp\/v2\/tags?post=7648"}],"curies":[{"name":"wp","href":"https:\/\/api.w.org\/{rel}","templated":true}]}}