{"id":7645,"date":"2016-05-10T02:57:45","date_gmt":"2016-05-10T02:57:45","guid":{"rendered":"https:\/\/armstrongyregion.com.ar\/diario\/?p=7645"},"modified":"2016-05-10T02:57:45","modified_gmt":"2016-05-10T02:57:45","slug":"el-municipio-plantara-un-arbol-por-cada-nino-que-nazca-en-la-ciudad","status":"publish","type":"post","link":"https:\/\/armstrongyregion.com.ar\/diario\/el-municipio-plantara-un-arbol-por-cada-nino-que-nazca-en-la-ciudad\/","title":{"rendered":"El Municipio plantar\u00e1 un \u00e1rbol por cada ni\u00f1o que nazca en la ciudad."},"content":{"rendered":"<p><a href=\"http:\/\/armstrongyregion.com.ar\/diario\/wp-content\/uploads\/2016\/05\/jacaranda-648.jpg\"><img loading=\"lazy\" decoding=\"async\" class=\"alignnone size-full wp-image-7646\" src=\"http:\/\/armstrongyregion.com.ar\/diario\/wp-content\/uploads\/2016\/05\/jacaranda-648.jpg\" alt=\"jacaranda 648\" width=\"648\" height=\"432\" srcset=\"https:\/\/armstrongyregion.com.ar\/diario\/wp-content\/uploads\/2016\/05\/jacaranda-648.jpg 648w, https:\/\/armstrongyregion.com.ar\/diario\/wp-content\/uploads\/2016\/05\/jacaranda-648-300x200.jpg 300w\" sizes=\"auto, (max-width: 648px) 100vw, 648px\" \/><\/a>Seg\u00fan la ordenanza presentada por el bloque del Frente Progresista C\u00edvico y Social, aprobada por el concejo deliberante, se invita a plantar un \u00e1rbol por cada ni\u00f1o radicado en la ciudad en los \u00faltimos tres a\u00f1os. Debido a que no hay nacimientos en la ciudad, vale la aclaraci\u00f3n.<\/p>\n<p>Daiana Cadoppi, directora del Departamento de Juventud, en la ma\u00f1ana de hoy inform\u00f3 sobre este proyecto \u00a0solicitando al padre, madre o tutor, que se acerquen al municipio para realizar la inscripci\u00f3n correspondiente.<\/p>\n<p>Este programa tiene como objetivo \u00a0la reforestaci\u00f3n en la ciudad, asumiendo el compromiso \u00a0en el cuidado del medio ambiente.<\/p>\n<p>Entre los considerandos de la ordenanza se destaca que uno de los ejes de esta gesti\u00f3n municipal la conforma concientizar e involucrar al ciudadano en las acciones de recuperaci\u00f3n de un ambiente saludable, equilibrado y limpio, por medio de la implantaci\u00f3n de \u00e1rboles en calles, paseos, plazas y parques.<\/p>\n","protected":false},"excerpt":{"rendered":"<p>Seg\u00fan la ordenanza presentada por el bloque del Frente Progresista C\u00edvico y Social, aprobada por el concejo deliberante, se invita a plantar un \u00e1rbol por cada ni\u00f1o radicado en la ciudad en los \u00faltimos tres a\u00f1os. Debido a que no hay nacimientos en la ciudad, vale la aclaraci\u00f3n. Daiana Cadoppi, directora del Departamento de Juventud, <a href=\"https:\/\/armstrongyregion.com.ar\/diario\/el-municipio-plantara-un-arbol-por-cada-nino-que-nazca-en-la-ciudad\/\" title=\"Read more\" >&#8230;<\/a><\/p>\n","protected":false},"author":2,"featured_media":7646,"comment_status":"open","ping_status":"open","sticky":false,"template":"","format":"standard","meta":{"_jetpack_memberships_contains_paid_content":false,"footnotes":"","jetpack_publicize_message":"","jetpack_publicize_feature_enabled":true,"jetpack_social_post_already_shared":false,"jetpack_social_options":{"image_generator_settings":{"template":"highway","default_image_id":0,"enabled":false},"version":2}},"categories":[1,2],"tags":[3889,2304,390,16,15,31,217,3890,2502,3888,60,108,192],"class_list":["post-7645","post","type-post","status-publish","format-standard","has-post-thumbnail","hentry","category-diario-armstrong","category-locales","tag-arbol","tag-cada","tag-ciudad","tag-el","tag-en","tag-la","tag-municipio","tag-nazca","tag-nino","tag-plantara","tag-por","tag-que","tag-un"],"jetpack_publicize_connections":[],"jetpack_featured_media_url":"https:\/\/armstrongyregion.com.ar\/diario\/wp-content\/uploads\/2016\/05\/jacaranda-648.jpg","jetpack_shortlink":"https:\/\/wp.me\/p62QDO-1Zj","jetpack_sharing_enabled":true,"amp_enabled":true,"_links":{"self":[{"href":"https:\/\/armstrongyregion.com.ar\/diario\/wp-json\/wp\/v2\/posts\/7645","targetHints":{"allow":["GET"]}}],"collection":[{"href":"https:\/\/armstrongyregion.com.ar\/diario\/wp-json\/wp\/v2\/posts"}],"about":[{"href":"https:\/\/armstrongyregion.com.ar\/diario\/wp-json\/wp\/v2\/types\/post"}],"author":[{"embeddable":true,"href":"https:\/\/armstrongyregion.com.ar\/diario\/wp-json\/wp\/v2\/users\/2"}],"replies":[{"embeddable":true,"href":"https:\/\/armstrongyregion.com.ar\/diario\/wp-json\/wp\/v2\/comments?post=7645"}],"version-history":[{"count":0,"href":"https:\/\/armstrongyregion.com.ar\/diario\/wp-json\/wp\/v2\/posts\/7645\/revisions"}],"wp:featuredmedia":[{"embeddable":true,"href":"https:\/\/armstrongyregion.com.ar\/diario\/wp-json\/wp\/v2\/media\/7646"}],"wp:attachment":[{"href":"https:\/\/armstrongyregion.com.ar\/diario\/wp-json\/wp\/v2\/media?parent=7645"}],"wp:term":[{"taxonomy":"category","embeddable":true,"href":"https:\/\/armstrongyregion.com.ar\/diario\/wp-json\/wp\/v2\/categories?post=7645"},{"taxonomy":"post_tag","embeddable":true,"href":"https:\/\/armstrongyregion.com.ar\/diario\/wp-json\/wp\/v2\/tags?post=7645"}],"curies":[{"name":"wp","href":"https:\/\/api.w.org\/{rel}","templated":true}]}}