{"id":7626,"date":"2016-05-08T16:07:27","date_gmt":"2016-05-08T16:07:27","guid":{"rendered":"https:\/\/armstrongyregion.com.ar\/diario\/?p=7626"},"modified":"2016-05-08T16:07:27","modified_gmt":"2016-05-08T16:07:27","slug":"balague-abrio-el-curso-para-docentes-de-escuelas-tecnicas-en-las-parejas","status":"publish","type":"post","link":"https:\/\/armstrongyregion.com.ar\/diario\/balague-abrio-el-curso-para-docentes-de-escuelas-tecnicas-en-las-parejas\/","title":{"rendered":"Balague abri\u00f3 el curso para docentes de escuelas t\u00e9cnicas en  Las Parejas."},"content":{"rendered":"<p><a href=\"http:\/\/armstrongyregion.com.ar\/diario\/wp-content\/uploads\/2016\/05\/Balague-.jpeg\"><img loading=\"lazy\" decoding=\"async\" class=\"alignnone size-full wp-image-7627\" src=\"http:\/\/armstrongyregion.com.ar\/diario\/wp-content\/uploads\/2016\/05\/Balague-.jpeg\" alt=\"Balague-\" width=\"768\" height=\"432\" srcset=\"https:\/\/armstrongyregion.com.ar\/diario\/wp-content\/uploads\/2016\/05\/Balague-.jpeg 768w, https:\/\/armstrongyregion.com.ar\/diario\/wp-content\/uploads\/2016\/05\/Balague--300x169.jpeg 300w\" sizes=\"auto, (max-width: 768px) 100vw, 768px\" \/><\/a>La instancia de formaci\u00f3n se desarrollar\u00e1 en las instalaciones del centro tecnol\u00f3gico Cideter y tendr\u00e1 una duraci\u00f3n de dos a\u00f1os.<br \/>\nLa ministra de Educaci\u00f3n de la provincia, Claudia Balagu\u00e9, dio inicio este viernes a los cursos de capacitaci\u00f3n para docentes de escuelas t\u00e9cnicas, vinculados a la Electromec\u00e1nica y Mec\u00e1nica.<\/p>\n<p>La modalidad de cursado ser\u00e1 semi presencial, con asistencia los d\u00edas viernes y s\u00e1bados. La duraci\u00f3n total ser\u00e1 de dos a\u00f1os y ser\u00e1 dictado por profesionales de la Fundaci\u00f3n Cideter.<\/p>\n<p>En la oportunidad, la ministra de Educaci\u00f3n dijo: \u201cSabemos que la forma de avanzar y crecer es vinculando gente, fortaleciendo inquietudes y posibilidades. Por eso hemos firmado un convenio para hacer una cantidad de acciones, todas apuntando a trabajar en conjunto con las escuelas t\u00e9cnicas para que los chicos tengan m\u00e1s informaci\u00f3n sobre tecnolog\u00eda y para vincularlos tambi\u00e9n con la producci\u00f3n regional. La Fundaci\u00f3n Cideter es un ejemplo en eso\u201d.<\/p>\n<p>En el mismo sentido, Balagu\u00e9 se\u00f1al\u00f3 que \u201choy en d\u00eda es muy importante que los chicos tengan oportunidades, que puedan visualizar su futuro y su proyecto de vida en la regi\u00f3n e inclusive, desarrollar emprendimientos propios. Esta capacitaci\u00f3n se est\u00e1 replicando en cada una de las regionales con sus caracter\u00edsticas productivas. Hemos firmado tambi\u00e9n convenios con parques industriales para llevar tecnicaturas de nivel superior a instalarse all\u00ed y desarrollar carreras\u201d.<\/p>\n<p>Asimismo, la titular de la cartera de Educaci\u00f3n record\u00f3 que \u201cel gobernador ha dicho en su mensaje de inicio de las sesiones ordinarias en la Legislatura que hay metas concretas en la educaci\u00f3n; una de ellas es la mejor vinculaci\u00f3n con el mundo del trabajo para que los chicos est\u00e9n preparados para aportar a la industria y a las econom\u00edas regionales\u201d.<\/p>\n<p>EL ACTO<br \/>\nSe llev\u00f3 a cabo en las instalaciones de la fundaci\u00f3n, ubicada en Juan Manuel de Rosas N\u00b0 115, \u00c1rea Industrial Oeste de la localidad de Las Parejas.<\/p>\n<p>Por su parte, el director de Cideter, Rogelio Magnoni, se mostr\u00f3 halagado por la visita de la ministra de Educaci\u00f3n y expres\u00f3: \u201cEstamos muy contentos con lo que hoy arrancamos. Capacitar a los docentes no es una tarea sencilla pero tenemos todos los elementos tecnol\u00f3gicos necesarios para poder hacerlo\u201d.<\/p>\n<p>En tanto, el director provincial de Educaci\u00f3n T\u00e9cnica, Producci\u00f3n y Trabajo, Pablo Vozza, dijo que \u201cqueda demostrada una vez m\u00e1s la firme convicci\u00f3n de este Ministerio y de este gobierno provincial de apoyar todas las iniciativas de los distintos sectores que impulsen la capacitaci\u00f3n permanente de los docentes en actividad para la formaci\u00f3n t\u00e9cnica\u201d.<\/p>\n<p>Tambi\u00e9n estuvieron presentes en la ceremonia, el director provincial de Coordinaci\u00f3n de delegaciones regionales, Oscar Goycochea; el delegado de la Regional V de Educaci\u00f3n, Mario Ramos; el diputado provincial Miguel \u00c1ngel Sol\u00eds; autoridades y docentes.<\/p>\n","protected":false},"excerpt":{"rendered":"<p>La instancia de formaci\u00f3n se desarrollar\u00e1 en las instalaciones del centro tecnol\u00f3gico Cideter y tendr\u00e1 una duraci\u00f3n de dos a\u00f1os. La ministra de Educaci\u00f3n de la provincia, Claudia Balagu\u00e9, dio inicio este viernes a los cursos de capacitaci\u00f3n para docentes de escuelas t\u00e9cnicas, vinculados a la Electromec\u00e1nica y Mec\u00e1nica. La modalidad de cursado ser\u00e1 semi <a href=\"https:\/\/armstrongyregion.com.ar\/diario\/balague-abrio-el-curso-para-docentes-de-escuelas-tecnicas-en-las-parejas\/\" title=\"Read more\" >&#8230;<\/a><\/p>\n","protected":false},"author":2,"featured_media":7627,"comment_status":"open","ping_status":"open","sticky":false,"template":"","format":"standard","meta":{"_jetpack_memberships_contains_paid_content":false,"footnotes":"","jetpack_publicize_message":"","jetpack_publicize_feature_enabled":true,"jetpack_social_post_already_shared":false,"jetpack_social_options":{"image_generator_settings":{"template":"highway","default_image_id":0,"enabled":false},"version":2}},"categories":[6,1,2,7,3],"tags":[1175,3537,412,19,2635,16,15,117,23,81,24,3885],"class_list":["post-7626","post","type-post","status-publish","format-standard","has-post-thumbnail","hentry","category-cultura-entretenimiento","category-diario-armstrong","category-locales","category-politica","category-region","tag-abrio","tag-balague","tag-curso","tag-de","tag-docentes","tag-el","tag-en","tag-escuelas","tag-las","tag-para","tag-parejas","tag-tecnicas"],"jetpack_publicize_connections":[],"jetpack_featured_media_url":"https:\/\/armstrongyregion.com.ar\/diario\/wp-content\/uploads\/2016\/05\/Balague-.jpeg","jetpack_shortlink":"https:\/\/wp.me\/p62QDO-1Z0","jetpack_sharing_enabled":true,"amp_enabled":true,"_links":{"self":[{"href":"https:\/\/armstrongyregion.com.ar\/diario\/wp-json\/wp\/v2\/posts\/7626","targetHints":{"allow":["GET"]}}],"collection":[{"href":"https:\/\/armstrongyregion.com.ar\/diario\/wp-json\/wp\/v2\/posts"}],"about":[{"href":"https:\/\/armstrongyregion.com.ar\/diario\/wp-json\/wp\/v2\/types\/post"}],"author":[{"embeddable":true,"href":"https:\/\/armstrongyregion.com.ar\/diario\/wp-json\/wp\/v2\/users\/2"}],"replies":[{"embeddable":true,"href":"https:\/\/armstrongyregion.com.ar\/diario\/wp-json\/wp\/v2\/comments?post=7626"}],"version-history":[{"count":0,"href":"https:\/\/armstrongyregion.com.ar\/diario\/wp-json\/wp\/v2\/posts\/7626\/revisions"}],"wp:featuredmedia":[{"embeddable":true,"href":"https:\/\/armstrongyregion.com.ar\/diario\/wp-json\/wp\/v2\/media\/7627"}],"wp:attachment":[{"href":"https:\/\/armstrongyregion.com.ar\/diario\/wp-json\/wp\/v2\/media?parent=7626"}],"wp:term":[{"taxonomy":"category","embeddable":true,"href":"https:\/\/armstrongyregion.com.ar\/diario\/wp-json\/wp\/v2\/categories?post=7626"},{"taxonomy":"post_tag","embeddable":true,"href":"https:\/\/armstrongyregion.com.ar\/diario\/wp-json\/wp\/v2\/tags?post=7626"}],"curies":[{"name":"wp","href":"https:\/\/api.w.org\/{rel}","templated":true}]}}