{"id":7617,"date":"2016-05-08T15:48:42","date_gmt":"2016-05-08T15:48:42","guid":{"rendered":"https:\/\/armstrongyregion.com.ar\/diario\/?p=7617"},"modified":"2016-05-08T15:48:42","modified_gmt":"2016-05-08T15:48:42","slug":"verdecchia-se-reunio-con-el-ministro-de-infraestructura-jose-garibay","status":"publish","type":"post","link":"https:\/\/armstrongyregion.com.ar\/diario\/verdecchia-se-reunio-con-el-ministro-de-infraestructura-jose-garibay\/","title":{"rendered":"Verdecchia se reuni\u00f3 con el Ministro de Infraestructura Jos\u00e9  Garibay."},"content":{"rendered":"<p><a href=\"http:\/\/armstrongyregion.com.ar\/diario\/wp-content\/uploads\/2016\/05\/Garibay-Verdecchia-.jpg\"><img loading=\"lazy\" decoding=\"async\" class=\"alignnone size-full wp-image-7618\" src=\"http:\/\/armstrongyregion.com.ar\/diario\/wp-content\/uploads\/2016\/05\/Garibay-Verdecchia-.jpg\" alt=\"Garibay-Verdecchia-\" width=\"768\" height=\"432\" srcset=\"https:\/\/armstrongyregion.com.ar\/diario\/wp-content\/uploads\/2016\/05\/Garibay-Verdecchia-.jpg 768w, https:\/\/armstrongyregion.com.ar\/diario\/wp-content\/uploads\/2016\/05\/Garibay-Verdecchia--300x169.jpg 300w\" sizes=\"auto, (max-width: 768px) 100vw, 768px\" \/><\/a>El intendente Pablo Verdecchia informo sobre la reuni\u00f3n con el Ministro de Infraestructura Garibay.<\/p>\n<p>La autoridad m\u00e1xima de Armstrong inform\u00f3, \u201cEn este caso le hemos expresado sobre la emergencia clim\u00e1tica y formas de recuperarnos lo m\u00e1s r\u00e1pido posible m\u00e1s all\u00e1 de la emergencia Agropecuaria que ya estamos trabajando y llenando formularios con los productores.<\/p>\n<p>Por otro lado-dijo Verdecchia- se plante\u00f3 la emergencia sobre los caminos rurales que afectan a muchos municipios ya que es muy dif\u00edcil afrontar estos costos directamente.<\/p>\n<p>Y finalmente \u201chablamos sobre las obras que se est\u00e1n ejecutando en la ciudad para poder acelerar los trabajos aunque debemos esperar que bajen las napas. \u00a0Y sobre todo contar con el apoyo de la provincia sobre la ejecuci\u00f3n de cloacas, \u00a0obras que se necesitan en la ciudad\u201d.<\/p>\n<p>&nbsp;<\/p>\n","protected":false},"excerpt":{"rendered":"<p>El intendente Pablo Verdecchia informo sobre la reuni\u00f3n con el Ministro de Infraestructura Garibay. La autoridad m\u00e1xima de Armstrong inform\u00f3, \u201cEn este caso le hemos expresado sobre la emergencia clim\u00e1tica y formas de recuperarnos lo m\u00e1s r\u00e1pido posible m\u00e1s all\u00e1 de la emergencia Agropecuaria que ya estamos trabajando y llenando formularios con los productores. Por <a href=\"https:\/\/armstrongyregion.com.ar\/diario\/verdecchia-se-reunio-con-el-ministro-de-infraestructura-jose-garibay\/\" title=\"Read more\" >&#8230;<\/a><\/p>\n","protected":false},"author":2,"featured_media":7618,"comment_status":"open","ping_status":"open","sticky":false,"template":"","format":"standard","meta":{"_jetpack_memberships_contains_paid_content":false,"footnotes":"","jetpack_publicize_message":"","jetpack_publicize_feature_enabled":true,"jetpack_social_post_already_shared":false,"jetpack_social_options":{"image_generator_settings":{"template":"highway","default_image_id":0,"enabled":false},"version":2}},"categories":[1,2,7],"tags":[100,19,16,3881,2705,772,1189,343,86,205],"class_list":["post-7617","post","type-post","status-publish","format-standard","has-post-thumbnail","hentry","category-diario-armstrong","category-locales","category-politica","tag-con","tag-de","tag-el","tag-garibay","tag-infraestructura","tag-jose","tag-ministro","tag-reunio","tag-se","tag-verdecchia"],"jetpack_publicize_connections":[],"jetpack_featured_media_url":"https:\/\/armstrongyregion.com.ar\/diario\/wp-content\/uploads\/2016\/05\/Garibay-Verdecchia-.jpg","jetpack_shortlink":"https:\/\/wp.me\/p62QDO-1YR","jetpack_sharing_enabled":true,"amp_enabled":true,"_links":{"self":[{"href":"https:\/\/armstrongyregion.com.ar\/diario\/wp-json\/wp\/v2\/posts\/7617","targetHints":{"allow":["GET"]}}],"collection":[{"href":"https:\/\/armstrongyregion.com.ar\/diario\/wp-json\/wp\/v2\/posts"}],"about":[{"href":"https:\/\/armstrongyregion.com.ar\/diario\/wp-json\/wp\/v2\/types\/post"}],"author":[{"embeddable":true,"href":"https:\/\/armstrongyregion.com.ar\/diario\/wp-json\/wp\/v2\/users\/2"}],"replies":[{"embeddable":true,"href":"https:\/\/armstrongyregion.com.ar\/diario\/wp-json\/wp\/v2\/comments?post=7617"}],"version-history":[{"count":0,"href":"https:\/\/armstrongyregion.com.ar\/diario\/wp-json\/wp\/v2\/posts\/7617\/revisions"}],"wp:featuredmedia":[{"embeddable":true,"href":"https:\/\/armstrongyregion.com.ar\/diario\/wp-json\/wp\/v2\/media\/7618"}],"wp:attachment":[{"href":"https:\/\/armstrongyregion.com.ar\/diario\/wp-json\/wp\/v2\/media?parent=7617"}],"wp:term":[{"taxonomy":"category","embeddable":true,"href":"https:\/\/armstrongyregion.com.ar\/diario\/wp-json\/wp\/v2\/categories?post=7617"},{"taxonomy":"post_tag","embeddable":true,"href":"https:\/\/armstrongyregion.com.ar\/diario\/wp-json\/wp\/v2\/tags?post=7617"}],"curies":[{"name":"wp","href":"https:\/\/api.w.org\/{rel}","templated":true}]}}