{"id":7613,"date":"2016-05-08T01:06:17","date_gmt":"2016-05-08T01:06:17","guid":{"rendered":"https:\/\/armstrongyregion.com.ar\/diario\/?p=7613"},"modified":"2016-05-08T01:37:36","modified_gmt":"2016-05-08T01:37:36","slug":"fallecio-el-director-de-la-unidad-de-terapia-intensiva-de-armstrong","status":"publish","type":"post","link":"https:\/\/armstrongyregion.com.ar\/diario\/fallecio-el-director-de-la-unidad-de-terapia-intensiva-de-armstrong\/","title":{"rendered":"Falleci\u00f3 el Director de la Unidad de Terapia Intensiva de Armstrong."},"content":{"rendered":"<p><a href=\"http:\/\/armstrongyregion.com.ar\/diario\/wp-content\/uploads\/2016\/05\/Raul-Di-Pascuale-.jpg\"><img loading=\"lazy\" decoding=\"async\" class=\"alignnone size-full wp-image-7614\" src=\"http:\/\/armstrongyregion.com.ar\/diario\/wp-content\/uploads\/2016\/05\/Raul-Di-Pascuale-.jpg\" alt=\"Raul-Di Pascuale-\" width=\"960\" height=\"625\" srcset=\"https:\/\/armstrongyregion.com.ar\/diario\/wp-content\/uploads\/2016\/05\/Raul-Di-Pascuale-.jpg 960w, https:\/\/armstrongyregion.com.ar\/diario\/wp-content\/uploads\/2016\/05\/Raul-Di-Pascuale--300x195.jpg 300w\" sizes=\"auto, (max-width: 960px) 100vw, 960px\" \/><\/a>En horas del mediod\u00eda falleci\u00f3 el Dr. Raul Di Pascuale, quien aport\u00f3 \u00a0a la Salud P\u00fablica del Departamento Belgrano, un avance en las prestaciones con la habilitaci\u00f3n de una unidad de terapia intensiva en el hospital Samco de esta ciudad en septiembre del a\u00f1o 2003.<\/p>\n<p>En ese momento el cardi\u00f3logo comentaba a la prensa que \u00a0pretend\u00eda que la dependencia crezca en complejidad en la medida en que el personal de enfermer\u00eda y medicina vaya sumando experiencia. Cumpli\u00f3 su objetivo y gracias a este avance muchas vidas lograron salvarse en el nosocomio armstronense.<\/p>\n<p>Los restos del Dr. Ra\u00fal Di Pascuale \u00a0ser\u00e1n inhumados el d\u00eda domingo a las 11:00hs en el Cementerio local.<\/p>\n<p>&nbsp;<\/p>\n<p>&nbsp;<\/p>\n","protected":false},"excerpt":{"rendered":"<p>En horas del mediod\u00eda falleci\u00f3 el Dr. Raul Di Pascuale, quien aport\u00f3 \u00a0a la Salud P\u00fablica del Departamento Belgrano, un avance en las prestaciones con la habilitaci\u00f3n de una unidad de terapia intensiva en el hospital Samco de esta ciudad en septiembre del a\u00f1o 2003. En ese momento el cardi\u00f3logo comentaba a la prensa que <a href=\"https:\/\/armstrongyregion.com.ar\/diario\/fallecio-el-director-de-la-unidad-de-terapia-intensiva-de-armstrong\/\" title=\"Read more\" >&#8230;<\/a><\/p>\n","protected":false},"author":2,"featured_media":7614,"comment_status":"open","ping_status":"open","sticky":false,"template":"","format":"standard","meta":{"_jetpack_memberships_contains_paid_content":false,"footnotes":"","jetpack_publicize_message":"","jetpack_publicize_feature_enabled":true,"jetpack_social_post_already_shared":false,"jetpack_social_options":{"image_generator_settings":{"template":"highway","default_image_id":0,"enabled":false},"version":2}},"categories":[1,2,4,3],"tags":[19,52,16,2473,3880,3879,202],"class_list":["post-7613","post","type-post","status-publish","format-standard","has-post-thumbnail","hentry","category-diario-armstrong","category-locales","category-prevencion-salud","category-region","tag-de","tag-director","tag-el","tag-fallecio","tag-intensiva","tag-terapia","tag-unidad"],"jetpack_publicize_connections":[],"jetpack_featured_media_url":"https:\/\/armstrongyregion.com.ar\/diario\/wp-content\/uploads\/2016\/05\/Raul-Di-Pascuale-.jpg","jetpack_shortlink":"https:\/\/wp.me\/p62QDO-1YN","jetpack_sharing_enabled":true,"amp_enabled":true,"_links":{"self":[{"href":"https:\/\/armstrongyregion.com.ar\/diario\/wp-json\/wp\/v2\/posts\/7613","targetHints":{"allow":["GET"]}}],"collection":[{"href":"https:\/\/armstrongyregion.com.ar\/diario\/wp-json\/wp\/v2\/posts"}],"about":[{"href":"https:\/\/armstrongyregion.com.ar\/diario\/wp-json\/wp\/v2\/types\/post"}],"author":[{"embeddable":true,"href":"https:\/\/armstrongyregion.com.ar\/diario\/wp-json\/wp\/v2\/users\/2"}],"replies":[{"embeddable":true,"href":"https:\/\/armstrongyregion.com.ar\/diario\/wp-json\/wp\/v2\/comments?post=7613"}],"version-history":[{"count":0,"href":"https:\/\/armstrongyregion.com.ar\/diario\/wp-json\/wp\/v2\/posts\/7613\/revisions"}],"wp:featuredmedia":[{"embeddable":true,"href":"https:\/\/armstrongyregion.com.ar\/diario\/wp-json\/wp\/v2\/media\/7614"}],"wp:attachment":[{"href":"https:\/\/armstrongyregion.com.ar\/diario\/wp-json\/wp\/v2\/media?parent=7613"}],"wp:term":[{"taxonomy":"category","embeddable":true,"href":"https:\/\/armstrongyregion.com.ar\/diario\/wp-json\/wp\/v2\/categories?post=7613"},{"taxonomy":"post_tag","embeddable":true,"href":"https:\/\/armstrongyregion.com.ar\/diario\/wp-json\/wp\/v2\/tags?post=7613"}],"curies":[{"name":"wp","href":"https:\/\/api.w.org\/{rel}","templated":true}]}}