{"id":7597,"date":"2016-05-06T11:32:31","date_gmt":"2016-05-06T11:32:31","guid":{"rendered":"https:\/\/armstrongyregion.com.ar\/diario\/?p=7597"},"modified":"2016-05-06T11:32:31","modified_gmt":"2016-05-06T11:32:31","slug":"canada-de-gomez-grave-accidente-con-una-nina-fallecida","status":"publish","type":"post","link":"https:\/\/armstrongyregion.com.ar\/diario\/canada-de-gomez-grave-accidente-con-una-nina-fallecida\/","title":{"rendered":"Ca\u00f1ada de G\u00f3mez. Grave accidente con una ni\u00f1a fallecida."},"content":{"rendered":"<p><a href=\"http:\/\/armstrongyregion.com.ar\/diario\/wp-content\/uploads\/2016\/05\/Jefatura-Ca\u00f1ada-de-G\u00f3mez.jpg\"><img loading=\"lazy\" decoding=\"async\" class=\"alignnone size-full wp-image-7598\" src=\"http:\/\/armstrongyregion.com.ar\/diario\/wp-content\/uploads\/2016\/05\/Jefatura-Ca\u00f1ada-de-G\u00f3mez.jpg\" alt=\"Jefatura-Ca\u00f1ada-de-G\u00f3mez\" width=\"602\" height=\"332\" srcset=\"https:\/\/armstrongyregion.com.ar\/diario\/wp-content\/uploads\/2016\/05\/Jefatura-Ca\u00f1ada-de-G\u00f3mez.jpg 602w, https:\/\/armstrongyregion.com.ar\/diario\/wp-content\/uploads\/2016\/05\/Jefatura-Ca\u00f1ada-de-G\u00f3mez-300x165.jpg 300w\" sizes=\"auto, (max-width: 602px) 100vw, 602px\" \/><\/a>Chocaron un auto y una moto en Urquiza y Paraguay, con tres personas lesionadas seriamente. Eran dos j\u00f3venes y la nena, quien falleci\u00f3 en el hospital.<\/p>\n<p>De acuerdo a las informaciones recibidas, el choque entre el auto y la moto, ocurrido pasadas las 23 de este mi\u00e9rcoles en Urquiza y Paraguay, produjo serias lesiones -traumatismo de cr\u00e1neo- a una ni\u00f1a de un a\u00f1o, Gianella Gambetta, quien lamentablemente falleci\u00f3 a la 1.30 .<\/p>\n<p>Otras dos j\u00f3venes, de 15 y 17 a\u00f1os, tambi\u00e9n resultaron lesionadas de distinta consideraci\u00f3n, presentando fracturas y heridas en las piernas.<\/p>\n<p>&nbsp;<\/p>\n<p>La moto, una Gilera, hab\u00eda chocado contra un Fiat Duna, que era conducido por un muchacho de 20 a\u00f1os.<\/p>\n<p>Fuente: Otrodia.com<\/p>\n<p>&nbsp;<\/p>\n","protected":false},"excerpt":{"rendered":"<p>Chocaron un auto y una moto en Urquiza y Paraguay, con tres personas lesionadas seriamente. Eran dos j\u00f3venes y la nena, quien falleci\u00f3 en el hospital. De acuerdo a las informaciones recibidas, el choque entre el auto y la moto, ocurrido pasadas las 23 de este mi\u00e9rcoles en Urquiza y Paraguay, produjo serias lesiones -traumatismo <a href=\"https:\/\/armstrongyregion.com.ar\/diario\/canada-de-gomez-grave-accidente-con-una-nina-fallecida\/\" title=\"Read more\" >&#8230;<\/a><\/p>\n","protected":false},"author":2,"featured_media":7598,"comment_status":"open","ping_status":"open","sticky":false,"template":"","format":"standard","meta":{"_jetpack_memberships_contains_paid_content":false,"footnotes":"","jetpack_publicize_message":"","jetpack_publicize_feature_enabled":true,"jetpack_social_post_already_shared":false,"jetpack_social_options":{"image_generator_settings":{"template":"highway","default_image_id":0,"enabled":false},"version":2}},"categories":[1,2852,3],"tags":[694,163,19,164,1866,3875,2620,103],"class_list":["post-7597","post","type-post","status-publish","format-standard","has-post-thumbnail","hentry","category-diario-armstrong","category-policiales","category-region","tag-accidente","tag-canada","tag-de","tag-gomez","tag-grave","tag-muere","tag-nina","tag-una"],"jetpack_publicize_connections":[],"jetpack_featured_media_url":"https:\/\/armstrongyregion.com.ar\/diario\/wp-content\/uploads\/2016\/05\/Jefatura-Ca\u00f1ada-de-G\u00f3mez.jpg","jetpack_shortlink":"https:\/\/wp.me\/p62QDO-1Yx","jetpack_sharing_enabled":true,"amp_enabled":true,"_links":{"self":[{"href":"https:\/\/armstrongyregion.com.ar\/diario\/wp-json\/wp\/v2\/posts\/7597","targetHints":{"allow":["GET"]}}],"collection":[{"href":"https:\/\/armstrongyregion.com.ar\/diario\/wp-json\/wp\/v2\/posts"}],"about":[{"href":"https:\/\/armstrongyregion.com.ar\/diario\/wp-json\/wp\/v2\/types\/post"}],"author":[{"embeddable":true,"href":"https:\/\/armstrongyregion.com.ar\/diario\/wp-json\/wp\/v2\/users\/2"}],"replies":[{"embeddable":true,"href":"https:\/\/armstrongyregion.com.ar\/diario\/wp-json\/wp\/v2\/comments?post=7597"}],"version-history":[{"count":0,"href":"https:\/\/armstrongyregion.com.ar\/diario\/wp-json\/wp\/v2\/posts\/7597\/revisions"}],"wp:featuredmedia":[{"embeddable":true,"href":"https:\/\/armstrongyregion.com.ar\/diario\/wp-json\/wp\/v2\/media\/7598"}],"wp:attachment":[{"href":"https:\/\/armstrongyregion.com.ar\/diario\/wp-json\/wp\/v2\/media?parent=7597"}],"wp:term":[{"taxonomy":"category","embeddable":true,"href":"https:\/\/armstrongyregion.com.ar\/diario\/wp-json\/wp\/v2\/categories?post=7597"},{"taxonomy":"post_tag","embeddable":true,"href":"https:\/\/armstrongyregion.com.ar\/diario\/wp-json\/wp\/v2\/tags?post=7597"}],"curies":[{"name":"wp","href":"https:\/\/api.w.org\/{rel}","templated":true}]}}