{"id":7593,"date":"2016-05-05T23:07:10","date_gmt":"2016-05-05T23:07:10","guid":{"rendered":"https:\/\/armstrongyregion.com.ar\/diario\/?p=7593"},"modified":"2016-05-05T23:13:47","modified_gmt":"2016-05-05T23:13:47","slug":"armstrong-funcionamiento-del-sistema-de-camaras-de-vigilancia","status":"publish","type":"post","link":"https:\/\/armstrongyregion.com.ar\/diario\/armstrong-funcionamiento-del-sistema-de-camaras-de-vigilancia\/","title":{"rendered":"Armstrong. Funcionamiento del Sistema de C\u00e1maras de Vigilancia."},"content":{"rendered":"<p><a href=\"http:\/\/armstrongyregion.com.ar\/diario\/wp-content\/uploads\/2016\/05\/Natalia-Cordoba-.jpg\"><img loading=\"lazy\" decoding=\"async\" class=\"alignnone size-full wp-image-7594\" src=\"http:\/\/armstrongyregion.com.ar\/diario\/wp-content\/uploads\/2016\/05\/Natalia-Cordoba-.jpg\" alt=\"Natalia-Cordoba-\" width=\"768\" height=\"545\" srcset=\"https:\/\/armstrongyregion.com.ar\/diario\/wp-content\/uploads\/2016\/05\/Natalia-Cordoba-.jpg 768w, https:\/\/armstrongyregion.com.ar\/diario\/wp-content\/uploads\/2016\/05\/Natalia-Cordoba--300x213.jpg 300w\" sizes=\"auto, (max-width: 768px) 100vw, 768px\" \/><\/a>En la ma\u00f1ana de hoy la Secretaria de Gno. Natalia C\u00f3rdoba, informo sobre las c\u00e1maras de vigilancia que tenemos en la ciudad y el proyecto de incorporar mayor cantidad a trav\u00e9s de una nueva licitaci\u00f3n.<\/p>\n<p>La funcionaria expres\u00f3 que desde el municipio hay un proyecto que ya fue presentado al Ministerio de la Provincia, para poder agregar a las 20 c\u00e1maras que est\u00e1n colocadas en el ejido urbano otras 24 y aumentar as\u00ed la cantidad a 44.<\/p>\n<p>\u201cDesde el a\u00f1o 2011-dijo C\u00f3rdoba- \u00a0se establecieron etapas que se est\u00e1n cumpliendo. Inclusive este proyecto ha cambiado rumbo en cuanto a la necesidad de algunos lugares. Tambi\u00e9n aclar\u00f3 que las im\u00e1genes captadas quedan archivadas por 30 d\u00edas dentro de la empresa Password\u201d.<\/p>\n<p>El procedimiento de entrega de im\u00e1genes de este sistema de video-vigilancia se ingresa por nota de la polic\u00eda o fiscal\u00eda y a las 24 horas son entregados a la municipalidad y de aqu\u00ed se retiran estas im\u00e1genes 24hs mas tarde.<\/p>\n<p>\u201cEl monitoreo en vivo est\u00e1 dentro del proyecto originario, hoy \u00a0con s\u00f3lo \u00a020 c\u00e1maras ser\u00eda muy costoso, la idea es colocar mayor cantidad y poder llegar al tema de la prevenci\u00f3n y en el momento del hecho. De todas formas este trabajo es tratar de coordinar y ensamblar con la polic\u00eda y que la misma cuente con los recursos para trabajar en prevenci\u00f3n. Pr\u00f3ximamente saldr\u00e1 una nueva licitaci\u00f3n para poder adquirir nuevas c\u00e1maras de seguridad\u201d. Finaliz\u00f3 la funcionaria.<\/p>\n","protected":false},"excerpt":{"rendered":"<p>En la ma\u00f1ana de hoy la Secretaria de Gno. Natalia C\u00f3rdoba, informo sobre las c\u00e1maras de vigilancia que tenemos en la ciudad y el proyecto de incorporar mayor cantidad a trav\u00e9s de una nueva licitaci\u00f3n. La funcionaria expres\u00f3 que desde el municipio hay un proyecto que ya fue presentado al Ministerio de la Provincia, para <a href=\"https:\/\/armstrongyregion.com.ar\/diario\/armstrong-funcionamiento-del-sistema-de-camaras-de-vigilancia\/\" title=\"Read more\" >&#8230;<\/a><\/p>\n","protected":false},"author":2,"featured_media":7594,"comment_status":"open","ping_status":"open","sticky":false,"template":"","format":"standard","meta":{"_jetpack_memberships_contains_paid_content":false,"footnotes":"","jetpack_publicize_message":"","jetpack_publicize_feature_enabled":true,"jetpack_social_post_already_shared":false,"jetpack_social_options":{"image_generator_settings":{"template":"highway","default_image_id":0,"enabled":false},"version":2}},"categories":[1,2],"tags":[20,1354,19,2335,2336],"class_list":["post-7593","post","type-post","status-publish","format-standard","has-post-thumbnail","hentry","category-diario-armstrong","category-locales","tag-armstrong","tag-camaras","tag-de","tag-sistema","tag-videovigilancia"],"jetpack_publicize_connections":[],"jetpack_featured_media_url":"https:\/\/armstrongyregion.com.ar\/diario\/wp-content\/uploads\/2016\/05\/Natalia-Cordoba-.jpg","jetpack_shortlink":"https:\/\/wp.me\/p62QDO-1Yt","jetpack_sharing_enabled":true,"amp_enabled":true,"_links":{"self":[{"href":"https:\/\/armstrongyregion.com.ar\/diario\/wp-json\/wp\/v2\/posts\/7593","targetHints":{"allow":["GET"]}}],"collection":[{"href":"https:\/\/armstrongyregion.com.ar\/diario\/wp-json\/wp\/v2\/posts"}],"about":[{"href":"https:\/\/armstrongyregion.com.ar\/diario\/wp-json\/wp\/v2\/types\/post"}],"author":[{"embeddable":true,"href":"https:\/\/armstrongyregion.com.ar\/diario\/wp-json\/wp\/v2\/users\/2"}],"replies":[{"embeddable":true,"href":"https:\/\/armstrongyregion.com.ar\/diario\/wp-json\/wp\/v2\/comments?post=7593"}],"version-history":[{"count":0,"href":"https:\/\/armstrongyregion.com.ar\/diario\/wp-json\/wp\/v2\/posts\/7593\/revisions"}],"wp:featuredmedia":[{"embeddable":true,"href":"https:\/\/armstrongyregion.com.ar\/diario\/wp-json\/wp\/v2\/media\/7594"}],"wp:attachment":[{"href":"https:\/\/armstrongyregion.com.ar\/diario\/wp-json\/wp\/v2\/media?parent=7593"}],"wp:term":[{"taxonomy":"category","embeddable":true,"href":"https:\/\/armstrongyregion.com.ar\/diario\/wp-json\/wp\/v2\/categories?post=7593"},{"taxonomy":"post_tag","embeddable":true,"href":"https:\/\/armstrongyregion.com.ar\/diario\/wp-json\/wp\/v2\/tags?post=7593"}],"curies":[{"name":"wp","href":"https:\/\/api.w.org\/{rel}","templated":true}]}}