{"id":7578,"date":"2016-05-05T03:08:51","date_gmt":"2016-05-05T03:08:51","guid":{"rendered":"https:\/\/armstrongyregion.com.ar\/diario\/?p=7578"},"modified":"2016-05-05T03:08:51","modified_gmt":"2016-05-05T03:08:51","slug":"las-rosas-municipales-denuncian-que-atacaron-a-machetazos-el-acampe","status":"publish","type":"post","link":"https:\/\/armstrongyregion.com.ar\/diario\/las-rosas-municipales-denuncian-que-atacaron-a-machetazos-el-acampe\/","title":{"rendered":"Las Rosas: municipales denuncian que \u201catacaron a machetazos el acampe\u201d."},"content":{"rendered":"<p><a href=\"http:\/\/armstrongyregion.com.ar\/diario\/wp-content\/uploads\/2016\/05\/lasrosas.jpg_1572130063.jpg\"><img loading=\"lazy\" decoding=\"async\" class=\"alignnone size-full wp-image-7579\" src=\"http:\/\/armstrongyregion.com.ar\/diario\/wp-content\/uploads\/2016\/05\/lasrosas.jpg_1572130063.jpg\" alt=\"lasrosas.jpg_1572130063\" width=\"760\" height=\"428\" srcset=\"https:\/\/armstrongyregion.com.ar\/diario\/wp-content\/uploads\/2016\/05\/lasrosas.jpg_1572130063.jpg 760w, https:\/\/armstrongyregion.com.ar\/diario\/wp-content\/uploads\/2016\/05\/lasrosas.jpg_1572130063-300x169.jpg 300w\" sizes=\"auto, (max-width: 760px) 100vw, 760px\" \/><\/a>La federaci\u00f3n que agrupa a los trabajadores de los municipios afirm\u00f3 que agredieron a empleados de esa localidad en huelga y los amenazaron de muerte. Eval\u00faan una medida de fuerza provincial y reclaman \u00aburgente intervenci\u00f3n\u00bb del gobierno de Lifschitz.<\/p>\n<p>El conflicto en Las Rosas se profundiza y podr\u00eda haber nuevas medidas de fuerza de los empleados municipales de toda la provincia. La Federaci\u00f3n de Sindicatos de Trabajadores Municipales de la Provincia de Santa Fe (Festram) denunci\u00f3 este mi\u00e9rcoles ataques con machetes al acampe y expres\u00f3 \u201csu m\u00e1ximo repudio a los atentados ocurridos\u201d.<\/p>\n<p>Tambi\u00e9n exigi\u00f3 \u201cal Estado Provincial su urgente intervenci\u00f3n para garantizar la vida y la seguridad de los trabajadores municipales y la plena vigencia del estado de Derecho\u201d en esa ciudad. Adem\u00e1s, responsabilizaron al intendente Javier Meyer de \u201cinstigar a la violencia para justificar la represi\u00f3n con las tropas de la Gendarmer\u00eda Nacional\u201d. El funcionario manifest\u00f3 m\u00e1s de una vez que no estaba dispuesto a negociar y tambi\u00e9n denunci\u00f3 ataques en su contra.<\/p>\n<p>Seg\u00fan informaron desde la Festram, \u201calgunas personas que recolectan precariamente la basura en esa localidad, sin ninguna motivaci\u00f3n prestacional se acercaron a la carpa instalada por los trabajadores que reclaman por el cumplimiento de la Ley 10.468, y atacaron a machetazos el acampe y amenazaron de muerte a los hombres y mujeres que se encuentran ejerciendo el derecho constitucional de huelga\u201d.<\/p>\n<p>\u201cDe igual modo -contin\u00faa el comunicado-, y pese a la resoluci\u00f3n judicial imperante que as\u00ed lo impide, el intendente orden\u00f3 disponer de maquinarias a personal no autorizado para su conducci\u00f3n. Ante el reclamo de los dirigentes para que retorne el veh\u00edculo a la maestranza, el chofer circunstancial intent\u00f3 acuchillar a los representantes sindicales\u201d.<\/p>\n<p>Para los municipales, \u201cambos casos fueron con intencionalidad y alevos\u00eda, instigados intelectual y econ\u00f3micamente por el intendente Meyer, que sistem\u00e1ticamente promueve provocaciones para poner fin al conflicto sindical con graves actos de violencia\u201d.<\/p>\n<p>A\u00f1adieron que el personal que realiza actividades durante la huelga, es custodiado por la Gendarmer\u00eda Nacional, \u201ccasualmente ausente\u201d en este hecho. Los hechos fueron denunciados ante la Divisi\u00f3n Judicial de la Unidad Regional III de la Polic\u00eda Provincial y ante la Fiscal\u00eda correspondiente.<\/p>\n<p>Ante esta \u201csituaci\u00f3n intolerable\u201d, Festram convoc\u00f3 de manera urgente a su Mesa Directiva para analizar medidas de fuerza de alcance provincial (como ya ocurri\u00f3 la semana pasada). Remarcaron como otro factor en el conflicto la \u201cpasividad de los Poderes del Estado Provincial que se muestran incapaces de restablecer la paz social y la plena vigencia de los derechos constitucionales\u201d.<\/p>\n<p>Por su parte, el titular del gremio, Claudio Leoni manifest\u00f3 que \u201ces intolerable que mientras se pretende buscar v\u00edas de di\u00e1logo para solucionar el conflicto gremial en el marco de la ley se somete a situaciones violentas a los trabajadores y se amenace permanentemente a los dirigentes gremiales\u201d.<br \/>\nRosario3.com<\/p>\n","protected":false},"excerpt":{"rendered":"<p>La federaci\u00f3n que agrupa a los trabajadores de los municipios afirm\u00f3 que agredieron a empleados de esa localidad en huelga y los amenazaron de muerte. Eval\u00faan una medida de fuerza provincial y reclaman \u00aburgente intervenci\u00f3n\u00bb del gobierno de Lifschitz. El conflicto en Las Rosas se profundiza y podr\u00eda haber nuevas medidas de fuerza de los <a href=\"https:\/\/armstrongyregion.com.ar\/diario\/las-rosas-municipales-denuncian-que-atacaron-a-machetazos-el-acampe\/\" title=\"Read more\" >&#8230;<\/a><\/p>\n","protected":false},"author":2,"featured_media":7579,"comment_status":"open","ping_status":"open","sticky":false,"template":"","format":"standard","meta":{"_jetpack_memberships_contains_paid_content":false,"footnotes":"","jetpack_publicize_message":"","jetpack_publicize_feature_enabled":true,"jetpack_social_post_already_shared":false,"jetpack_social_options":{"image_generator_settings":{"template":"highway","default_image_id":0,"enabled":false},"version":2}},"categories":[8,1,7,3],"tags":[33,3866,2642,1010,16,23,3865,208,108,361],"class_list":["post-7578","post","type-post","status-publish","format-standard","has-post-thumbnail","hentry","category-deliberando","category-diario-armstrong","category-politica","category-region","tag-a","tag-acampe","tag-atacaron","tag-denuncian","tag-el","tag-las","tag-machetazos","tag-municipales","tag-que","tag-rosas"],"jetpack_publicize_connections":[],"jetpack_featured_media_url":"https:\/\/armstrongyregion.com.ar\/diario\/wp-content\/uploads\/2016\/05\/lasrosas.jpg_1572130063.jpg","jetpack_shortlink":"https:\/\/wp.me\/p62QDO-1Ye","jetpack_sharing_enabled":true,"amp_enabled":true,"_links":{"self":[{"href":"https:\/\/armstrongyregion.com.ar\/diario\/wp-json\/wp\/v2\/posts\/7578","targetHints":{"allow":["GET"]}}],"collection":[{"href":"https:\/\/armstrongyregion.com.ar\/diario\/wp-json\/wp\/v2\/posts"}],"about":[{"href":"https:\/\/armstrongyregion.com.ar\/diario\/wp-json\/wp\/v2\/types\/post"}],"author":[{"embeddable":true,"href":"https:\/\/armstrongyregion.com.ar\/diario\/wp-json\/wp\/v2\/users\/2"}],"replies":[{"embeddable":true,"href":"https:\/\/armstrongyregion.com.ar\/diario\/wp-json\/wp\/v2\/comments?post=7578"}],"version-history":[{"count":0,"href":"https:\/\/armstrongyregion.com.ar\/diario\/wp-json\/wp\/v2\/posts\/7578\/revisions"}],"wp:featuredmedia":[{"embeddable":true,"href":"https:\/\/armstrongyregion.com.ar\/diario\/wp-json\/wp\/v2\/media\/7579"}],"wp:attachment":[{"href":"https:\/\/armstrongyregion.com.ar\/diario\/wp-json\/wp\/v2\/media?parent=7578"}],"wp:term":[{"taxonomy":"category","embeddable":true,"href":"https:\/\/armstrongyregion.com.ar\/diario\/wp-json\/wp\/v2\/categories?post=7578"},{"taxonomy":"post_tag","embeddable":true,"href":"https:\/\/armstrongyregion.com.ar\/diario\/wp-json\/wp\/v2\/tags?post=7578"}],"curies":[{"name":"wp","href":"https:\/\/api.w.org\/{rel}","templated":true}]}}