{"id":7519,"date":"2016-05-03T20:46:11","date_gmt":"2016-05-03T20:46:11","guid":{"rendered":"https:\/\/armstrongyregion.com.ar\/diario\/?p=7519"},"modified":"2016-05-03T20:46:11","modified_gmt":"2016-05-03T20:46:11","slug":"ingresaron-44-profesionales-a-la-policia-de-investigaciones-de-la-provincia","status":"publish","type":"post","link":"https:\/\/armstrongyregion.com.ar\/diario\/ingresaron-44-profesionales-a-la-policia-de-investigaciones-de-la-provincia\/","title":{"rendered":"Ingresaron 44 profesionales a la Polic\u00eda de Investigaciones de la provincia."},"content":{"rendered":"<p><a href=\"http:\/\/armstrongyregion.com.ar\/diario\/wp-content\/uploads\/2016\/05\/Pullaro.jpg\"><img loading=\"lazy\" decoding=\"async\" class=\"alignnone size-full wp-image-7520\" src=\"http:\/\/armstrongyregion.com.ar\/diario\/wp-content\/uploads\/2016\/05\/Pullaro.jpg\" alt=\"Pullaro\" width=\"768\" height=\"512\" srcset=\"https:\/\/armstrongyregion.com.ar\/diario\/wp-content\/uploads\/2016\/05\/Pullaro.jpg 768w, https:\/\/armstrongyregion.com.ar\/diario\/wp-content\/uploads\/2016\/05\/Pullaro-300x200.jpg 300w\" sizes=\"auto, (max-width: 768px) 100vw, 768px\" \/><\/a>Se trata de m\u00e9dicos forenses, psic\u00f3logos, psiquiatras, un biotecn\u00f3logo, bioqu\u00edmicos y licenciados en farmacia, que concursaron el a\u00f1o pasado.<\/p>\n<p>El director provincial de Investigaci\u00f3n Criminal, Dar\u00edo Ch\u00e1vez, y el jefe de la Polic\u00eda de Investigaciones, director de Polic\u00eda Daniel Corbellini, dieron hoy la bienvenida a 44 profesionales que se suman a la PDI.<\/p>\n<p>Se trata de m\u00e9dicos forenses, psic\u00f3logos, psiquiatras, un biotecn\u00f3logo, bioqu\u00edmicos y licenciados en farmacia que concursaron el a\u00f1o pasado y que fueron designados por el gobernador Miguel Lifschitz a trav\u00e9s del decreto N\u00b0756\/16 el pasado 18 de abril.<\/p>\n<p>La reuni\u00f3n de bienvenida tuvo lugar en el microcine del Ministerio de Seguridad, en la ciudad de Santa Fe, donde se les inform\u00f3 a los profesionales las tareas que realizar\u00e1n a partir de ahora.<\/p>\n<p>Ch\u00e1vez dijo que \u201cquiero transmitirles y que tomen el gran compromiso que tenemos nosotros con la Polic\u00eda de Investigaciones, un \u00e1rea profesional y especializada\u201d. Agreg\u00f3 que \u201cen sus dos a\u00f1os de vida podemos decir con orgullo que de ac\u00e1 sali\u00f3 el actual jefe de Polic\u00eda de provincia en base a la profesionalidad que se le pide continuamente a los miembros de la PDI, ya sean personal del escalaf\u00f3n de seguridad que est\u00e1n en las \u00e1reas investigativas y de inteligencia, como a los profesionales\u201d.<\/p>\n<p>El director provincial de Investigaci\u00f3n Criminal pidi\u00f3 \u201cponer lo mejor de cada uno porque nuestro trabajo se va a ver volcado y reflejado en una audiencia y va a ser un aporte valioso para la justicia. Nosotros somos auxiliares de la justicia y tenemos que dar el mensaje de que en la PDI se trabaja con seriedad y profesionalismo\u201d.<\/p>\n<p>Por \u00faltimo Ch\u00e1vez reafirm\u00f3 que \u201ccon la incorporaci\u00f3n de ustedes vamos a darle un plus y un salto de calidad al \u00e1rea cient\u00edfica de la Polic\u00eda de Investigaciones. Queremos tener la mejor polic\u00eda del pa\u00eds, no es f\u00e1cil y va a costar pero estamos en ese camino\u201d.<\/p>\n<p>Estuvieron presentes en la reuni\u00f3n la jefa de la Direcci\u00f3n T\u00e9cnico Cient\u00edfica, directora de Polic\u00eda Mariela L\u00f3pez y el jefe de Inteligencia Criminal Estrat\u00e9gica, subdirector de Polic\u00eda Javier Leiva.<\/p>\n<p>Polic\u00eda de Investigaciones<\/p>\n<p>La PDI fue creada a partir del surgimiento del nuevo Sistema Penal de la provincia, como una fuerza pensada para acompa\u00f1ar las tareas de investigaci\u00f3n que realizan los fiscales del Ministerio P\u00fablico de la Acusaci\u00f3n.<\/p>\n<p>Entre sus funciones se encuentran esclarecer hechos delictivos a trav\u00e9s de informaci\u00f3n y pruebas. Por las exigencias de especializaci\u00f3n y profesionalismo que requieren las tareas, las mismas se estructuran seg\u00fan tres dimensiones: la investigaci\u00f3n de delitos, la inteligencia criminal y los servicios forenses.<\/p>\n<p>Para fortalecer el trabajo que en la PDI se viene realizando, el a\u00f1o pasado se llev\u00f3 adelante un concurso abierto para incorporar profesionales de distintas \u00e1reas. Luego de entrevistas y ex\u00e1menes, se elabor\u00f3 un orden de m\u00e9rito.<\/p>\n<p>Estas personas ingresan como suboficiales de Polic\u00eda, en el escalaf\u00f3n profesional, subescalaf\u00f3n sanidad. Durante seis meses estar\u00e1n en condici\u00f3n de \u201calta en comisi\u00f3n\u201d, per\u00edodo tras el cual quedar\u00e1n efectivos si se desempe\u00f1an sin inconveniente alguno.<\/p>\n","protected":false},"excerpt":{"rendered":"<p>Se trata de m\u00e9dicos forenses, psic\u00f3logos, psiquiatras, un biotecn\u00f3logo, bioqu\u00edmicos y licenciados en farmacia, que concursaron el a\u00f1o pasado. El director provincial de Investigaci\u00f3n Criminal, Dar\u00edo Ch\u00e1vez, y el jefe de la Polic\u00eda de Investigaciones, director de Polic\u00eda Daniel Corbellini, dieron hoy la bienvenida a 44 profesionales que se suman a la PDI. Se trata <a href=\"https:\/\/armstrongyregion.com.ar\/diario\/ingresaron-44-profesionales-a-la-policia-de-investigaciones-de-la-provincia\/\" title=\"Read more\" >&#8230;<\/a><\/p>\n","protected":false},"author":2,"featured_media":7520,"comment_status":"open","ping_status":"open","sticky":false,"template":"","format":"standard","meta":{"_jetpack_memberships_contains_paid_content":false,"footnotes":"","jetpack_publicize_message":"","jetpack_publicize_feature_enabled":true,"jetpack_social_post_already_shared":false,"jetpack_social_options":{"image_generator_settings":{"template":"highway","default_image_id":0,"enabled":false},"version":2}},"categories":[1,2,2852],"tags":[3851,33,19,2250,3853,31,146,3852],"class_list":["post-7519","post","type-post","status-publish","format-standard","has-post-thumbnail","hentry","category-diario-armstrong","category-locales","category-policiales","tag-3851","tag-a","tag-de","tag-ingresaron","tag-investigaciones","tag-la","tag-policia","tag-profesionales"],"jetpack_publicize_connections":[],"jetpack_featured_media_url":"https:\/\/armstrongyregion.com.ar\/diario\/wp-content\/uploads\/2016\/05\/Pullaro.jpg","jetpack_shortlink":"https:\/\/wp.me\/p62QDO-1Xh","jetpack_sharing_enabled":true,"amp_enabled":true,"_links":{"self":[{"href":"https:\/\/armstrongyregion.com.ar\/diario\/wp-json\/wp\/v2\/posts\/7519","targetHints":{"allow":["GET"]}}],"collection":[{"href":"https:\/\/armstrongyregion.com.ar\/diario\/wp-json\/wp\/v2\/posts"}],"about":[{"href":"https:\/\/armstrongyregion.com.ar\/diario\/wp-json\/wp\/v2\/types\/post"}],"author":[{"embeddable":true,"href":"https:\/\/armstrongyregion.com.ar\/diario\/wp-json\/wp\/v2\/users\/2"}],"replies":[{"embeddable":true,"href":"https:\/\/armstrongyregion.com.ar\/diario\/wp-json\/wp\/v2\/comments?post=7519"}],"version-history":[{"count":0,"href":"https:\/\/armstrongyregion.com.ar\/diario\/wp-json\/wp\/v2\/posts\/7519\/revisions"}],"wp:featuredmedia":[{"embeddable":true,"href":"https:\/\/armstrongyregion.com.ar\/diario\/wp-json\/wp\/v2\/media\/7520"}],"wp:attachment":[{"href":"https:\/\/armstrongyregion.com.ar\/diario\/wp-json\/wp\/v2\/media?parent=7519"}],"wp:term":[{"taxonomy":"category","embeddable":true,"href":"https:\/\/armstrongyregion.com.ar\/diario\/wp-json\/wp\/v2\/categories?post=7519"},{"taxonomy":"post_tag","embeddable":true,"href":"https:\/\/armstrongyregion.com.ar\/diario\/wp-json\/wp\/v2\/tags?post=7519"}],"curies":[{"name":"wp","href":"https:\/\/api.w.org\/{rel}","templated":true}]}}