{"id":7513,"date":"2016-05-03T12:22:55","date_gmt":"2016-05-03T12:22:55","guid":{"rendered":"https:\/\/armstrongyregion.com.ar\/diario\/?p=7513"},"modified":"2016-05-08T21:48:01","modified_gmt":"2016-05-08T21:48:01","slug":"este-martes-en-deliberando-nos-visitaran-funcionarios-comunales-y-legislativos","status":"publish","type":"post","link":"https:\/\/armstrongyregion.com.ar\/diario\/este-martes-en-deliberando-nos-visitaran-funcionarios-comunales-y-legislativos\/","title":{"rendered":"Este martes en DELIBERANDO, nos visitar\u00e1n funcionarios comunales y legislativos."},"content":{"rendered":"<p><a href=\"http:\/\/armstrongyregion.com.ar\/diario\/wp-content\/uploads\/2016\/05\/DSC_0454.jpg\"><img loading=\"lazy\" decoding=\"async\" class=\"alignnone size-full wp-image-7514\" src=\"http:\/\/armstrongyregion.com.ar\/diario\/wp-content\/uploads\/2016\/05\/DSC_0454.jpg\" alt=\"Fabian-Cejas-\" width=\"3456\" height=\"2304\" srcset=\"https:\/\/armstrongyregion.com.ar\/diario\/wp-content\/uploads\/2016\/05\/DSC_0454.jpg 3456w, https:\/\/armstrongyregion.com.ar\/diario\/wp-content\/uploads\/2016\/05\/DSC_0454-300x200.jpg 300w, https:\/\/armstrongyregion.com.ar\/diario\/wp-content\/uploads\/2016\/05\/DSC_0454-1024x683.jpg 1024w\" sizes=\"auto, (max-width: 3456px) 100vw, 3456px\" \/><\/a>El presidente de la comuna de Correa, Fabi\u00e1n Cejas, hablar\u00e1 sobre las obras en esa localidad, destacando la aplicaci\u00f3n de la energ\u00eda solar en un barrio del lugar y el inter\u00e9s de otros sectores.<\/p>\n<p><iframe loading=\"lazy\" width=\"800\" height=\"450\" src=\"https:\/\/www.youtube.com\/embed\/V-KDAWjObco?feature=oembed\" frameborder=\"0\" allowfullscreen><\/iframe><\/p>\n<p>Uno de los senadores que acompa\u00f1a a la comitiva santafesina en su viaje a China, Hugo Rasetto, trazar\u00e1 un detalle de la tarea que viene realizando en favor de su departamento y las obras que se gestionan entre ellas gas y agua potable.<\/p>\n<p><iframe loading=\"lazy\" width=\"800\" height=\"450\" src=\"https:\/\/www.youtube.com\/embed\/DmXM0zEh6sU?feature=oembed\" frameborder=\"0\" allowfullscreen><\/iframe><\/p>\n<p>Visita por primera vez el programa el diputado provincial Miguel Sol\u00eds. Detalla su trabajo con los sectores necesitados llegando con las ayudas necesarias a instituciones, escuelas y clubes. Lo acompa\u00f1a la concejala Sandra Clerici, quien trabaja tambi\u00e9n en el equipo del legislador oriundo de Las Parejas.<\/p>\n<p><iframe loading=\"lazy\" width=\"800\" height=\"450\" src=\"https:\/\/www.youtube.com\/embed\/8Ftot5QL2Bo?feature=oembed\" frameborder=\"0\" allowfullscreen><\/iframe><\/p>\n<p>Todo esto este martes en DELIBERANDO, con la conducci\u00f3n de la licenciada Graciela de la Casa y Oscar Crispino.<\/p>\n<p>CABLEIMAGENARMSTRONG. MARTES 21hs- REITERACION: MIERCOLES 13,30hs y DOMINGOS 13,30hs.<\/p>\n","protected":false},"excerpt":{"rendered":"<p>El presidente de la comuna de Correa, Fabi\u00e1n Cejas, hablar\u00e1 sobre las obras en esa localidad, destacando la aplicaci\u00f3n de la energ\u00eda solar en un barrio del lugar y el inter\u00e9s de otros sectores. Uno de los senadores que acompa\u00f1a a la comitiva santafesina en su viaje a China, Hugo Rasetto, trazar\u00e1 un detalle de <a href=\"https:\/\/armstrongyregion.com.ar\/diario\/este-martes-en-deliberando-nos-visitaran-funcionarios-comunales-y-legislativos\/\" title=\"Read more\" >&#8230;<\/a><\/p>\n","protected":false},"author":2,"featured_media":7514,"comment_status":"open","ping_status":"open","sticky":false,"template":"","format":"standard","meta":{"_jetpack_memberships_contains_paid_content":false,"footnotes":"","jetpack_publicize_message":"","jetpack_publicize_feature_enabled":true,"jetpack_social_post_already_shared":false,"jetpack_social_options":{"image_generator_settings":{"template":"highway","default_image_id":0,"enabled":false},"version":2}},"categories":[8,1,2,7,3],"tags":[2762,44,3849,3850,1044,3848,13],"class_list":["post-7513","post","type-post","status-publish","format-standard","has-post-thumbnail","hentry","category-deliberando","category-diario-armstrong","category-locales","category-politica","category-region","tag-comunales","tag-deliberando-2","tag-funcionarios","tag-legislativos","tag-nos","tag-visitan","tag-y"],"jetpack_publicize_connections":[],"jetpack_featured_media_url":"https:\/\/armstrongyregion.com.ar\/diario\/wp-content\/uploads\/2016\/05\/DSC_0454.jpg","jetpack_shortlink":"https:\/\/wp.me\/p62QDO-1Xb","jetpack_sharing_enabled":true,"amp_enabled":true,"_links":{"self":[{"href":"https:\/\/armstrongyregion.com.ar\/diario\/wp-json\/wp\/v2\/posts\/7513","targetHints":{"allow":["GET"]}}],"collection":[{"href":"https:\/\/armstrongyregion.com.ar\/diario\/wp-json\/wp\/v2\/posts"}],"about":[{"href":"https:\/\/armstrongyregion.com.ar\/diario\/wp-json\/wp\/v2\/types\/post"}],"author":[{"embeddable":true,"href":"https:\/\/armstrongyregion.com.ar\/diario\/wp-json\/wp\/v2\/users\/2"}],"replies":[{"embeddable":true,"href":"https:\/\/armstrongyregion.com.ar\/diario\/wp-json\/wp\/v2\/comments?post=7513"}],"version-history":[{"count":0,"href":"https:\/\/armstrongyregion.com.ar\/diario\/wp-json\/wp\/v2\/posts\/7513\/revisions"}],"wp:featuredmedia":[{"embeddable":true,"href":"https:\/\/armstrongyregion.com.ar\/diario\/wp-json\/wp\/v2\/media\/7514"}],"wp:attachment":[{"href":"https:\/\/armstrongyregion.com.ar\/diario\/wp-json\/wp\/v2\/media?parent=7513"}],"wp:term":[{"taxonomy":"category","embeddable":true,"href":"https:\/\/armstrongyregion.com.ar\/diario\/wp-json\/wp\/v2\/categories?post=7513"},{"taxonomy":"post_tag","embeddable":true,"href":"https:\/\/armstrongyregion.com.ar\/diario\/wp-json\/wp\/v2\/tags?post=7513"}],"curies":[{"name":"wp","href":"https:\/\/api.w.org\/{rel}","templated":true}]}}