{"id":7500,"date":"2016-05-03T00:06:10","date_gmt":"2016-05-03T00:06:10","guid":{"rendered":"https:\/\/armstrongyregion.com.ar\/diario\/?p=7500"},"modified":"2016-05-03T00:06:10","modified_gmt":"2016-05-03T00:06:10","slug":"el-equipo-nova-brillo-en-santiago-del-estero","status":"publish","type":"post","link":"https:\/\/armstrongyregion.com.ar\/diario\/el-equipo-nova-brillo-en-santiago-del-estero\/","title":{"rendered":"El Equipo NOVA brill\u00f3 en Santiago del Estero."},"content":{"rendered":"<p><a href=\"http:\/\/armstrongyregion.com.ar\/diario\/wp-content\/uploads\/2016\/05\/Ciclismo-17.jpg\"><img loading=\"lazy\" decoding=\"async\" class=\"alignnone size-full wp-image-7501\" src=\"http:\/\/armstrongyregion.com.ar\/diario\/wp-content\/uploads\/2016\/05\/Ciclismo-17.jpg\" alt=\"Ciclismo 17\" width=\"768\" height=\"432\" srcset=\"https:\/\/armstrongyregion.com.ar\/diario\/wp-content\/uploads\/2016\/05\/Ciclismo-17.jpg 768w, https:\/\/armstrongyregion.com.ar\/diario\/wp-content\/uploads\/2016\/05\/Ciclismo-17-300x169.jpg 300w\" sizes=\"auto, (max-width: 768px) 100vw, 768px\" \/><\/a>Particip\u00f3 de la segunda fecha del Infanto Nacional de Ciclismo. Los ciclistas obtuvieron medallas en todas las categor\u00edas. Los juveniles se siguen preparando para el Campeonato Argentino de Pista que se disputar\u00e1 a fines de mayo en Mar del Plata.<\/p>\n<p>FUENTE: PERIODICO EL INFORME DE LA CIUDAD (CA\u00d1ADA DE GOMEZ)<\/p>\n<p>El domingo 24 de abril se disput\u00f3 en la ciudad de Quimili (Santiago del Estero) la segunda fecha del Infanto Nacional de Ciclismo. Con motivo de la inauguraci\u00f3n de su circuito la afluencia de p\u00fablico fue todo un \u00e9xito en una zona donde este deporte tiene miles de adeptos, los gobernantes locales y provinciales no dejaron de elogiar a los dirigentes de la Comisi\u00f3n de Ciclismo de Quimili por realizar un evento nacional de esta magnitud. Casi tres mil personas vieron a los mejores ciclistas del pa\u00eds en las categor\u00edas de seis a dieciocho a\u00f1os.<br \/>\nEl Equipo NOVA asisti\u00f3 casi en su totalidad, no fueron los juveniles mas grandes (de 13 a 18 a\u00f1os) dado que est\u00e1n preparando el Campeonato Argentino de Pista que se disputar\u00e1 a fines de mayo en la ciudad de Mar del Plata y la preparaci\u00f3n no va de acorde a esta competencia. Con llegada el d\u00eda viernes a la madrugada el equipo NOVA se instal\u00f3 en el hotel para descansar y el s\u00e1bado 23 a las 10 hs. puso su punto de encuentro en este nuevo y hermoso circuito santiague\u00f1o. All\u00ed rodaron todos juntos y realizaron los test pertinentes para saber de qu\u00e9 manera realizar la t\u00e1ctica de carrera el d\u00eda domingo, siempre bajo las directrices del t\u00e9cnico Jorge Giles.<br \/>\nEl domingo desde muy temprano, a las ocho de la ma\u00f1ana precisamente daba comienzo este evento con el cielo cubierto y dejando caer algunas lloviznas que hac\u00edan dar intervalos a las pruebas pero que finalmente se pudo completar toda la programaci\u00f3n.<br \/>\nLos integrantes del equipo lograron los siguientes resultados. GASTON MAGGI era tercero en la categor\u00eda 2008 marcando una gran mejor\u00eda en su rendimiento, VALENTINO GILES ganaba por amplio margen el sprint final de la carrera en categor\u00eda 2007 y afianza el liderato nacional entre los de su edad al ganar las dos fechas de manera consecutiva, JEREMIAS ANSELMINO llegaba cuarto en la categor\u00eda 2006 tambi\u00e9n mejorando sobre todo en llevar a cabo la t\u00e1ctica de carrera, TRINIDAD BETIQUE sorprend\u00eda como ya lo hizo el a\u00f1o pasado y cuando nadie la esperaba lanz\u00f3 un ataque final en la categor\u00eda 2005 y le dio el margen suficiente para ganar con comodidad a sus seguidores, sin dudas el ciclismo femenino argentino tiene en Trinidad una figura que nos representar\u00e1 por el mundo, segundo llegaba su hermano ALEJO BETIQUE quien realiz\u00f3 perfectos movimientos que anularon a sus rivales y dejaron margen para que su hermana se lleve la segunda fecha de este Infanto Nacional. Muy meritorio lo de Alejo ya que sin dudas es el m\u00e1s fuerte de la categor\u00eda pero demostr\u00f3 ser un gran hermano y sobre todo un excelente compa\u00f1ero de equipo, en cuarto lugar llegaba otro integrante que viene mejorando cada a\u00f1o como JOAQUIN ELSAESSER. Este paranaense adoptado por el equipo NOVA que viene cada semana a entrenar al vel\u00f3dromo ca\u00f1adense y en sus resultados se ve reflejado ese esfuerzo de \u00e9l y su familia, sin dudas todo un \u00e9xito esta categor\u00eda que se logr\u00f3 el 1,2,4 en la prueba con mas nivel del pa\u00eds<br \/>\nEn la categor\u00eda 2004 volv\u00eda a ganar como ya nos tiene acostumbrados nuestra VALENTINA LUNA, \u00e9sta sprinter que deja a los varones con la boca abierta cada vez que acelera es otra candidata a representar a nuestro pa\u00eds en muy pocos a\u00f1os. Luego vino la categor\u00eda 2003 y all\u00ed el Equipo NOVA tiene otra carta de triunfo que ha fallado muy pocas veces y no es otro que JOAQUIN MOISES DURAN, este chico que ya lleva cuatro a\u00f1os en las filas y sin dudas da prestigio a este equipo que comenz\u00f3 all\u00e1 por el 2010 como un peque\u00f1o proyecto de formar campeones y es por resultados el n\u00famero uno del pa\u00eds. En la 2002 NICOLAS MAIDANA gan\u00f3 el primer sprint puntuable y luego no pudo volver a conseguir entrar en un sprint lo que le dio un sexto lugar meritorio pero con el sabor de que puede llegar a m\u00e1s, LAUTARO RAMIREZ nuestro anfitri\u00f3n en esta ciudad logr\u00f3 el octavo puesto realizando una carrera magn\u00edfica para un chico que viene levantando su nivel poco a poco, en la 2001 un nuevo integrante AARON TOBARES lograba el tercer puesto demostrando que no se equivocaron al fichar su entrada al equipo este chico junto a otros dos grandes corredores como FEDERICO GUTTLEIN y VALENTIN MEDINA van a dar que hablar en esta categor\u00eda de much\u00edsimo nivel en un futuro no muy lejano, AYRTON NIETO el otro local que participaba en la categor\u00eda 2000 logr\u00f3 otro octavo lugar meti\u00e9ndose poco a poco luego de problemas f\u00edsicos en su nivel de otros a\u00f1os (recordemos que ya fue campe\u00f3n argentino all\u00e1 por el a\u00f1o 2013 en la ciudad de Rafaela).<br \/>\n\u201cQueremos agradecer a la familia RAMIREZ y NIETO por el recibimiento y las atenciones que tuvieron para el Equipo NOVA. Sin dudas no deja m\u00e1s que la afirmaci\u00f3n al concepto que ten\u00edamos de estos excelentes amigos santiague\u00f1os que integran nuestro equipo desde hace muchos a\u00f1os.<br \/>\nEste fin de semana el Equipo NOVA se dividir\u00e1 en tres competencias, los m\u00e1s grandes y las damas viajaran a la ciudad de Salta a disputar la carrera m\u00e1s cl\u00e1sica del ciclismo argentino en ese d\u00eda, los infantiles estar\u00e1n en la otra cl\u00e1sica pero en la ciudad de San Nicol\u00e1s y los juveniles estar\u00e1n en el vel\u00f3dromo de Arias para seguir con la preparaci\u00f3n de pista\u201d dijo Jorge Giles.<br \/>\nBalance m\u00e1s que positivo a este incansable equipo que no para cada fin de semana de trabajar y lograr los resultados que gracias a la profesionalidad con la que se lo toman nuestro ciclistas y la gente del staff como su director JORGE GILES, su nutricionista LEONARDO FERRARETTO, un profesional que cuida cada detalle de la alimentaci\u00f3n de estos chicos y los padres colaboradores vienen estas alegr\u00edas y sin dudas gracias a la empresa NOVA S.A. que conf\u00eda plenamente en apoyar este proyecto deportivo, NUTREMAX que colabora en la hidrataci\u00f3n correcta del equipo, MAZZI que siempre tiene detalles con la compra de material para las bicicletas, BICIKAISER con un amigo como es RODOLFO ACEVEDO y la empresa SHIMANO de la mano de NICOLAS MUSKAT porque sin ellos ser\u00eda muy dif\u00edcil lograr resultados.<\/p>\n","protected":false},"excerpt":{"rendered":"<p>Particip\u00f3 de la segunda fecha del Infanto Nacional de Ciclismo. Los ciclistas obtuvieron medallas en todas las categor\u00edas. Los juveniles se siguen preparando para el Campeonato Argentino de Pista que se disputar\u00e1 a fines de mayo en Mar del Plata. FUENTE: PERIODICO EL INFORME DE LA CIUDAD (CA\u00d1ADA DE GOMEZ) El domingo 24 de abril <a href=\"https:\/\/armstrongyregion.com.ar\/diario\/el-equipo-nova-brillo-en-santiago-del-estero\/\" title=\"Read more\" >&#8230;<\/a><\/p>\n","protected":false},"author":2,"featured_media":7501,"comment_status":"open","ping_status":"open","sticky":false,"template":"","format":"standard","meta":{"_jetpack_memberships_contains_paid_content":false,"footnotes":"","jetpack_publicize_message":"","jetpack_publicize_feature_enabled":true,"jetpack_social_post_already_shared":false,"jetpack_social_options":{"image_generator_settings":{"template":"highway","default_image_id":0,"enabled":false},"version":2}},"categories":[5,1,3],"tags":[12,53,16,15,1406,3844,3843,3559],"class_list":["post-7500","post","type-post","status-publish","format-standard","has-post-thumbnail","hentry","category-deportes","category-diario-armstrong","category-region","tag-brillo","tag-del","tag-el","tag-en","tag-equipo","tag-estero","tag-nova","tag-santiago"],"jetpack_publicize_connections":[],"jetpack_featured_media_url":"https:\/\/armstrongyregion.com.ar\/diario\/wp-content\/uploads\/2016\/05\/Ciclismo-17.jpg","jetpack_shortlink":"https:\/\/wp.me\/p62QDO-1WY","jetpack_sharing_enabled":true,"amp_enabled":true,"_links":{"self":[{"href":"https:\/\/armstrongyregion.com.ar\/diario\/wp-json\/wp\/v2\/posts\/7500","targetHints":{"allow":["GET"]}}],"collection":[{"href":"https:\/\/armstrongyregion.com.ar\/diario\/wp-json\/wp\/v2\/posts"}],"about":[{"href":"https:\/\/armstrongyregion.com.ar\/diario\/wp-json\/wp\/v2\/types\/post"}],"author":[{"embeddable":true,"href":"https:\/\/armstrongyregion.com.ar\/diario\/wp-json\/wp\/v2\/users\/2"}],"replies":[{"embeddable":true,"href":"https:\/\/armstrongyregion.com.ar\/diario\/wp-json\/wp\/v2\/comments?post=7500"}],"version-history":[{"count":0,"href":"https:\/\/armstrongyregion.com.ar\/diario\/wp-json\/wp\/v2\/posts\/7500\/revisions"}],"wp:featuredmedia":[{"embeddable":true,"href":"https:\/\/armstrongyregion.com.ar\/diario\/wp-json\/wp\/v2\/media\/7501"}],"wp:attachment":[{"href":"https:\/\/armstrongyregion.com.ar\/diario\/wp-json\/wp\/v2\/media?parent=7500"}],"wp:term":[{"taxonomy":"category","embeddable":true,"href":"https:\/\/armstrongyregion.com.ar\/diario\/wp-json\/wp\/v2\/categories?post=7500"},{"taxonomy":"post_tag","embeddable":true,"href":"https:\/\/armstrongyregion.com.ar\/diario\/wp-json\/wp\/v2\/tags?post=7500"}],"curies":[{"name":"wp","href":"https:\/\/api.w.org\/{rel}","templated":true}]}}