{"id":748,"date":"2015-02-09T00:26:48","date_gmt":"2015-02-09T00:26:48","guid":{"rendered":"https:\/\/armstrongyregion.com.ar\/diario\/?p=748"},"modified":"2015-02-09T00:26:48","modified_gmt":"2015-02-09T00:26:48","slug":"correa-la-comuna-recibio-fondos-provinciales-para-comenzar-la-recuperacion-de-la-estacion-de-trenes%e2%80%8f","status":"publish","type":"post","link":"https:\/\/armstrongyregion.com.ar\/diario\/correa-la-comuna-recibio-fondos-provinciales-para-comenzar-la-recuperacion-de-la-estacion-de-trenes%e2%80%8f\/","title":{"rendered":"Correa. La Comuna recibi\u00f3 fondos provinciales para comenzar la recuperaci\u00f3n de la estaci\u00f3n de trenes\u200f."},"content":{"rendered":"<p><a href=\"http:\/\/armstrongyregion.com.ar\/diario\/wp-content\/uploads\/2015\/02\/aportegobsantafeparaestaciondetrenes.jpg\"><img loading=\"lazy\" decoding=\"async\" class=\"alignnone size-medium wp-image-749\" src=\"http:\/\/armstrongyregion.com.ar\/diario\/wp-content\/uploads\/2015\/02\/aportegobsantafeparaestaciondetrenes-300x224.jpg\" alt=\"aportegobsantafeparaestaciondetrenes\" width=\"300\" height=\"224\" srcset=\"https:\/\/armstrongyregion.com.ar\/diario\/wp-content\/uploads\/2015\/02\/aportegobsantafeparaestaciondetrenes-300x224.jpg 300w, https:\/\/armstrongyregion.com.ar\/diario\/wp-content\/uploads\/2015\/02\/aportegobsantafeparaestaciondetrenes.jpg 667w\" sizes=\"auto, (max-width: 300px) 100vw, 300px\" \/><\/a>El Gobierno de Santa Fe entreg\u00f3 este viernes un primer aporte de 50 mil pesos para dar inicio a los trabajos de recuperaci\u00f3n de la estaci\u00f3n de trenes de Correa. El acto se llev\u00f3 a cabo en la ciudad de Rosario con la presencia del Ministro de Gobierno y Reforma del Estado Rub\u00e9n Galassi y el presidente comunal Fabi\u00e1n Cejas.<\/p>\n<p>\u201cHace tiempo ven\u00edamos gestionando este acompa\u00f1amiento que nos permitir\u00e1 comenzar a recuperar un espacio emblem\u00e1tico para nuestro pueblo. Estimamos que en el mes de marzo ya estaremos trabajando en el lugar\u201d, afirm\u00f3 Cejas.<\/p>\n<p>Este primer aporte permitir\u00e1 iniciar las obras en el exterior del edificio, con tareas de alba\u00f1iler\u00eda, pintura e iluminaci\u00f3n, con el objetivo de recuperar m\u00e1s adelante la estaci\u00f3n en su conjunto.<\/p>\n","protected":false},"excerpt":{"rendered":"<p>El Gobierno de Santa Fe entreg\u00f3 este viernes un primer aporte de 50 mil pesos para dar inicio a los trabajos de recuperaci\u00f3n de la estaci\u00f3n de trenes de Correa. El acto se llev\u00f3 a cabo en la ciudad de Rosario con la presencia del Ministro de Gobierno y Reforma del Estado Rub\u00e9n Galassi y <a href=\"https:\/\/armstrongyregion.com.ar\/diario\/correa-la-comuna-recibio-fondos-provinciales-para-comenzar-la-recuperacion-de-la-estacion-de-trenes%e2%80%8f\/\" title=\"Read more\" >&#8230;<\/a><\/p>\n","protected":false},"author":2,"featured_media":749,"comment_status":"open","ping_status":"open","sticky":false,"template":"","format":"standard","meta":{"_jetpack_memberships_contains_paid_content":false,"footnotes":"","jetpack_publicize_message":"","jetpack_publicize_feature_enabled":true,"jetpack_social_post_already_shared":false,"jetpack_social_options":{"image_generator_settings":{"template":"highway","default_image_id":0,"enabled":false},"version":2}},"categories":[1,3],"tags":[749,228,303,19,507,499,31,81,748,496,750,751],"class_list":["post-748","post","type-post","status-publish","format-standard","has-post-thumbnail","hentry","category-diario-armstrong","category-region","tag-comenzar","tag-comuna","tag-correa","tag-de","tag-estacion","tag-fondo","tag-la","tag-para","tag-provinciales","tag-recibio","tag-recuperacion","tag-trenes"],"jetpack_publicize_connections":[],"jetpack_featured_media_url":"https:\/\/armstrongyregion.com.ar\/diario\/wp-content\/uploads\/2015\/02\/aportegobsantafeparaestaciondetrenes.jpg","jetpack_shortlink":"https:\/\/wp.me\/p62QDO-c4","jetpack_sharing_enabled":true,"amp_enabled":true,"_links":{"self":[{"href":"https:\/\/armstrongyregion.com.ar\/diario\/wp-json\/wp\/v2\/posts\/748","targetHints":{"allow":["GET"]}}],"collection":[{"href":"https:\/\/armstrongyregion.com.ar\/diario\/wp-json\/wp\/v2\/posts"}],"about":[{"href":"https:\/\/armstrongyregion.com.ar\/diario\/wp-json\/wp\/v2\/types\/post"}],"author":[{"embeddable":true,"href":"https:\/\/armstrongyregion.com.ar\/diario\/wp-json\/wp\/v2\/users\/2"}],"replies":[{"embeddable":true,"href":"https:\/\/armstrongyregion.com.ar\/diario\/wp-json\/wp\/v2\/comments?post=748"}],"version-history":[{"count":0,"href":"https:\/\/armstrongyregion.com.ar\/diario\/wp-json\/wp\/v2\/posts\/748\/revisions"}],"wp:featuredmedia":[{"embeddable":true,"href":"https:\/\/armstrongyregion.com.ar\/diario\/wp-json\/wp\/v2\/media\/749"}],"wp:attachment":[{"href":"https:\/\/armstrongyregion.com.ar\/diario\/wp-json\/wp\/v2\/media?parent=748"}],"wp:term":[{"taxonomy":"category","embeddable":true,"href":"https:\/\/armstrongyregion.com.ar\/diario\/wp-json\/wp\/v2\/categories?post=748"},{"taxonomy":"post_tag","embeddable":true,"href":"https:\/\/armstrongyregion.com.ar\/diario\/wp-json\/wp\/v2\/tags?post=748"}],"curies":[{"name":"wp","href":"https:\/\/api.w.org\/{rel}","templated":true}]}}