{"id":7459,"date":"2016-04-29T23:20:42","date_gmt":"2016-04-29T23:20:42","guid":{"rendered":"https:\/\/armstrongyregion.com.ar\/diario\/?p=7459"},"modified":"2016-04-29T23:20:42","modified_gmt":"2016-04-29T23:20:42","slug":"clerici-se-reunio-con-productores-y-autoridades-de-aca-y-afa","status":"publish","type":"post","link":"https:\/\/armstrongyregion.com.ar\/diario\/clerici-se-reunio-con-productores-y-autoridades-de-aca-y-afa\/","title":{"rendered":"Cl\u00e9rici se reuni\u00f3 con productores y autoridades de ACA y AFA."},"content":{"rendered":"<p><a href=\"http:\/\/armstrongyregion.com.ar\/diario\/wp-content\/uploads\/2016\/04\/clerici.jpg\"><img loading=\"lazy\" decoding=\"async\" class=\"alignnone size-full wp-image-7460\" src=\"http:\/\/armstrongyregion.com.ar\/diario\/wp-content\/uploads\/2016\/04\/clerici.jpg\" alt=\"clerici\" width=\"768\" height=\"512\" srcset=\"https:\/\/armstrongyregion.com.ar\/diario\/wp-content\/uploads\/2016\/04\/clerici.jpg 768w, https:\/\/armstrongyregion.com.ar\/diario\/wp-content\/uploads\/2016\/04\/clerici-300x200.jpg 300w\" sizes=\"auto, (max-width: 768px) 100vw, 768px\" \/><\/a>Manifest\u00f3 el compromiso de trabajo conjunto ante la situaci\u00f3n que atraviesan como consecuencia del fen\u00f3meno \u201cEl Ni\u00f1o\u201d. El municipio<br \/>\nrecibir\u00e1 las solicitudes para acceder a los beneficios de la declaraci\u00f3n de emergencia\/desastre agropecuario en la provincia.<\/p>\n<p>La intendenta Stella Cl\u00e9rici recibi\u00f3 en su despacho a productores agropecuarios y autoridades de ACA y AFA para trabajar de manera<br \/>\nconjunta para que los productores de la ciudad y la regi\u00f3n puedan acceder a los beneficios de la declaraci\u00f3n de Emergencia\/Desastre<br \/>\nAgropecuario declarada en 18 departamentos de la provincia.<br \/>\n\u201cLa idea fue compartir un diagn\u00f3stico de la situaci\u00f3n que atraviesan los productos, ponernos disposici\u00f3n y trabajar junto a ellos y las instituciones que los nuclean para que reciban la ayuda necesaria como<br \/>\nparte de la situaci\u00f3n que atraviesan luego de las intensas lluvias<br \/>\nregistradas\u201d, expres\u00f3 Cl\u00e9rici.<br \/>\nLa medida de declarar la Emergencia Agropecuaria se tom\u00f3 ante los<br \/>\nexcesos h\u00eddricos a partir de las lluvias extraordinarias asociadas al<br \/>\nfen\u00f3meno El Ni\u00f1o y comprender\u00e1 desde el 1\u00b0 de mayo hasta el 31 de<br \/>\ndiciembre del corriente a\u00f1o. Personal del municipio se est\u00e1 capacitando<br \/>\npara recibir las solicitudes de emergencia, como parte de la iniciativa<br \/>\ndel gobierno provincial de superar las demoras que siempre se han<br \/>\nregistrado en el proceso.<br \/>\nPara ser considerado en Emergencia un productor debe acreditar p\u00e9rdidas<br \/>\nsuperiores al 50 % (hasta 79 %), mientras que con perjuicios de 80% en<br \/>\nadelante califica en Desastre. En ambos casos, los beneficios son de<br \/>\ntipo impositivo (pr\u00f3rrogas y excensiones, respectivamente, de grav\u00e1menes<br \/>\nprovinciales y nacionales).<\/p>\n","protected":false},"excerpt":{"rendered":"<p>Manifest\u00f3 el compromiso de trabajo conjunto ante la situaci\u00f3n que atraviesan como consecuencia del fen\u00f3meno \u201cEl Ni\u00f1o\u201d. El municipio recibir\u00e1 las solicitudes para acceder a los beneficios de la declaraci\u00f3n de emergencia\/desastre agropecuario en la provincia. La intendenta Stella Cl\u00e9rici recibi\u00f3 en su despacho a productores agropecuarios y autoridades de ACA y AFA para trabajar <a href=\"https:\/\/armstrongyregion.com.ar\/diario\/clerici-se-reunio-con-productores-y-autoridades-de-aca-y-afa\/\" title=\"Read more\" >&#8230;<\/a><\/p>\n","protected":false},"author":2,"featured_media":7460,"comment_status":"open","ping_status":"open","sticky":false,"template":"","format":"standard","meta":{"_jetpack_memberships_contains_paid_content":false,"footnotes":"","jetpack_publicize_message":"","jetpack_publicize_feature_enabled":true,"jetpack_social_post_already_shared":false,"jetpack_social_options":{"image_generator_settings":{"template":"highway","default_image_id":0,"enabled":false},"version":2}},"categories":[1,7,3],"tags":[3829,3830,83,100,19,536,343,86,13],"class_list":["post-7459","post","type-post","status-publish","format-standard","has-post-thumbnail","hentry","category-diario-armstrong","category-politica","category-region","tag-aca","tag-afa","tag-clerici","tag-con","tag-de","tag-productores","tag-reunio","tag-se","tag-y"],"jetpack_publicize_connections":[],"jetpack_featured_media_url":"https:\/\/armstrongyregion.com.ar\/diario\/wp-content\/uploads\/2016\/04\/clerici.jpg","jetpack_shortlink":"https:\/\/wp.me\/p62QDO-1Wj","jetpack_sharing_enabled":true,"amp_enabled":true,"_links":{"self":[{"href":"https:\/\/armstrongyregion.com.ar\/diario\/wp-json\/wp\/v2\/posts\/7459","targetHints":{"allow":["GET"]}}],"collection":[{"href":"https:\/\/armstrongyregion.com.ar\/diario\/wp-json\/wp\/v2\/posts"}],"about":[{"href":"https:\/\/armstrongyregion.com.ar\/diario\/wp-json\/wp\/v2\/types\/post"}],"author":[{"embeddable":true,"href":"https:\/\/armstrongyregion.com.ar\/diario\/wp-json\/wp\/v2\/users\/2"}],"replies":[{"embeddable":true,"href":"https:\/\/armstrongyregion.com.ar\/diario\/wp-json\/wp\/v2\/comments?post=7459"}],"version-history":[{"count":0,"href":"https:\/\/armstrongyregion.com.ar\/diario\/wp-json\/wp\/v2\/posts\/7459\/revisions"}],"wp:featuredmedia":[{"embeddable":true,"href":"https:\/\/armstrongyregion.com.ar\/diario\/wp-json\/wp\/v2\/media\/7460"}],"wp:attachment":[{"href":"https:\/\/armstrongyregion.com.ar\/diario\/wp-json\/wp\/v2\/media?parent=7459"}],"wp:term":[{"taxonomy":"category","embeddable":true,"href":"https:\/\/armstrongyregion.com.ar\/diario\/wp-json\/wp\/v2\/categories?post=7459"},{"taxonomy":"post_tag","embeddable":true,"href":"https:\/\/armstrongyregion.com.ar\/diario\/wp-json\/wp\/v2\/tags?post=7459"}],"curies":[{"name":"wp","href":"https:\/\/api.w.org\/{rel}","templated":true}]}}