{"id":745,"date":"2015-02-09T00:16:16","date_gmt":"2015-02-09T00:16:16","guid":{"rendered":"https:\/\/armstrongyregion.com.ar\/diario\/?p=745"},"modified":"2015-02-09T00:16:16","modified_gmt":"2015-02-09T00:16:16","slug":"canada-de-gomez-el-municipio-continua-trabajando-junto-a-vecinos-en-el-nuevo-cronograma-de-recoleccion","status":"publish","type":"post","link":"https:\/\/armstrongyregion.com.ar\/diario\/canada-de-gomez-el-municipio-continua-trabajando-junto-a-vecinos-en-el-nuevo-cronograma-de-recoleccion\/","title":{"rendered":"Ca\u00f1ada de G\u00f3mez. El municipio contin\u00faa trabajando junto a vecinos en el nuevo cronograma de recolecci\u00f3n."},"content":{"rendered":"<p><a href=\"http:\/\/armstrongyregion.com.ar\/diario\/wp-content\/uploads\/2015\/02\/volante-final.jpg\"><img loading=\"lazy\" decoding=\"async\" class=\"alignnone size-medium wp-image-746\" src=\"http:\/\/armstrongyregion.com.ar\/diario\/wp-content\/uploads\/2015\/02\/volante-final-300x259.jpg\" alt=\"volante final\" width=\"300\" height=\"259\" srcset=\"https:\/\/armstrongyregion.com.ar\/diario\/wp-content\/uploads\/2015\/02\/volante-final-300x259.jpg 300w, https:\/\/armstrongyregion.com.ar\/diario\/wp-content\/uploads\/2015\/02\/volante-final.jpg 579w\" sizes=\"auto, (max-width: 300px) 100vw, 300px\" \/><\/a>El mismo forma parte del Programa de Higiene Urbana \u201cCa\u00f1ada es tuya, no la ensucies\u201d llevado adelante por la gesti\u00f3n municipal. Se implementar\u00e1<br \/>\na partir del 23 de febrero.<br \/>\nEn busca de optimizar el servicio de recolecci\u00f3n de escombros, ramas y pastos, desde la repartici\u00f3n de servicios p\u00fablicos del Municipio<br \/>\ninformaron que el cronograma consensuado con los vecinos se pondr\u00e1 en<br \/>\nfuncionamiento el 23 de febrero.<br \/>\nLuego de reuniones con los integrantes de las vecinales, se elabor\u00f3 de<br \/>\nmanera conjunta el esquema de trabajo que se ir\u00e1 renovando<br \/>\nperi\u00f3dicamente. Las primeras semanas funcionar\u00e1 de la siguiente manera:<br \/>\nzona 1 (delimitada entre V\u00edas F\u00e9rreas y Avenida Santa Fe, de calle San<br \/>\nMart\u00edn hacia el oeste) 23\/24 de febrero y 9\/10 de marzo; zona 2<br \/>\n(delimitada entre V\u00edas F\u00e9rreas y Avenida Santa Fe, de calle San Mart\u00edn<br \/>\nhacia el este) 25\/26 de febrero y 11\/12 de marzo; zona 3 (de v\u00edas<br \/>\nf\u00e9rreas hacia el sur) 2\/3 y 16\/17 de marzo; zona 4 (Avenida Santa Fe<br \/>\nhacia el norte) 4\/5 y 18\/19 de marzo.<br \/>\n\u201cEste cronograma fue consensuado con los propios vecinos con quienes<br \/>\nseguiremos reuni\u00e9ndonos una vez iniciado para ir evaluando su<br \/>\nfuncionamiento\u201d, explic\u00f3 \u00c1ngel Novelo.<\/p>\n","protected":false},"excerpt":{"rendered":"<p>El mismo forma parte del Programa de Higiene Urbana \u201cCa\u00f1ada es tuya, no la ensucies\u201d llevado adelante por la gesti\u00f3n municipal. Se implementar\u00e1 a partir del 23 de febrero. En busca de optimizar el servicio de recolecci\u00f3n de escombros, ramas y pastos, desde la repartici\u00f3n de servicios p\u00fablicos del Municipio informaron que el cronograma consensuado <a href=\"https:\/\/armstrongyregion.com.ar\/diario\/canada-de-gomez-el-municipio-continua-trabajando-junto-a-vecinos-en-el-nuevo-cronograma-de-recoleccion\/\" title=\"Read more\" >&#8230;<\/a><\/p>\n","protected":false},"author":2,"featured_media":746,"comment_status":"open","ping_status":"open","sticky":false,"template":"","format":"standard","meta":{"_jetpack_memberships_contains_paid_content":false,"footnotes":"","jetpack_publicize_message":"","jetpack_publicize_feature_enabled":true,"jetpack_social_post_already_shared":false,"jetpack_social_options":{"image_generator_settings":{"template":"highway","default_image_id":0,"enabled":false},"version":2}},"categories":[1,3],"tags":[33,746,262,729,19,16,15,290,217,51,730,747,344],"class_list":["post-745","post","type-post","status-publish","format-standard","has-post-thumbnail","hentry","category-diario-armstrong","category-region","tag-a","tag-canada-de-gomez-el","tag-continua","tag-cronograma","tag-de","tag-el","tag-en","tag-junto","tag-municipio","tag-nuevo","tag-recoleccion","tag-trabajando","tag-vecinos"],"jetpack_publicize_connections":[],"jetpack_featured_media_url":"https:\/\/armstrongyregion.com.ar\/diario\/wp-content\/uploads\/2015\/02\/volante-final.jpg","jetpack_shortlink":"https:\/\/wp.me\/p62QDO-c1","jetpack_sharing_enabled":true,"amp_enabled":true,"_links":{"self":[{"href":"https:\/\/armstrongyregion.com.ar\/diario\/wp-json\/wp\/v2\/posts\/745","targetHints":{"allow":["GET"]}}],"collection":[{"href":"https:\/\/armstrongyregion.com.ar\/diario\/wp-json\/wp\/v2\/posts"}],"about":[{"href":"https:\/\/armstrongyregion.com.ar\/diario\/wp-json\/wp\/v2\/types\/post"}],"author":[{"embeddable":true,"href":"https:\/\/armstrongyregion.com.ar\/diario\/wp-json\/wp\/v2\/users\/2"}],"replies":[{"embeddable":true,"href":"https:\/\/armstrongyregion.com.ar\/diario\/wp-json\/wp\/v2\/comments?post=745"}],"version-history":[{"count":0,"href":"https:\/\/armstrongyregion.com.ar\/diario\/wp-json\/wp\/v2\/posts\/745\/revisions"}],"wp:featuredmedia":[{"embeddable":true,"href":"https:\/\/armstrongyregion.com.ar\/diario\/wp-json\/wp\/v2\/media\/746"}],"wp:attachment":[{"href":"https:\/\/armstrongyregion.com.ar\/diario\/wp-json\/wp\/v2\/media?parent=745"}],"wp:term":[{"taxonomy":"category","embeddable":true,"href":"https:\/\/armstrongyregion.com.ar\/diario\/wp-json\/wp\/v2\/categories?post=745"},{"taxonomy":"post_tag","embeddable":true,"href":"https:\/\/armstrongyregion.com.ar\/diario\/wp-json\/wp\/v2\/tags?post=745"}],"curies":[{"name":"wp","href":"https:\/\/api.w.org\/{rel}","templated":true}]}}