{"id":7437,"date":"2016-04-28T17:14:33","date_gmt":"2016-04-28T17:14:33","guid":{"rendered":"https:\/\/armstrongyregion.com.ar\/diario\/?p=7437"},"modified":"2016-04-28T17:14:33","modified_gmt":"2016-04-28T17:14:33","slug":"javier-meyer-este-intendente-no-renunciara-ni-sera-intervenido","status":"publish","type":"post","link":"https:\/\/armstrongyregion.com.ar\/diario\/javier-meyer-este-intendente-no-renunciara-ni-sera-intervenido\/","title":{"rendered":"Javier Meyer: \u00abEste intendente no renunciar\u00e1 ni ser\u00e1 intervenido\u00bb."},"content":{"rendered":"<p><a href=\"http:\/\/armstrongyregion.com.ar\/diario\/wp-content\/uploads\/2016\/04\/Meyer.jpg\"><img loading=\"lazy\" decoding=\"async\" class=\"alignnone size-full wp-image-7438\" src=\"http:\/\/armstrongyregion.com.ar\/diario\/wp-content\/uploads\/2016\/04\/Meyer.jpg\" alt=\"Meyer\" width=\"800\" height=\"450\" srcset=\"https:\/\/armstrongyregion.com.ar\/diario\/wp-content\/uploads\/2016\/04\/Meyer.jpg 800w, https:\/\/armstrongyregion.com.ar\/diario\/wp-content\/uploads\/2016\/04\/Meyer-300x169.jpg 300w\" sizes=\"auto, (max-width: 800px) 100vw, 800px\" \/><\/a>As\u00ed se expres\u00f3 el intendente municipal de la ciudad de Las Rosas. Habl\u00f3 ademas sobre la propuesta que se llev\u00f3 el Ministro de Gobierno y Reforma del Estado Pablo Farias. Tambi\u00e9n hizo un an\u00e1lisis sobre la manifestaci\u00f3n de ayer organizada por FeSTraM.<\/p>\n<p>Javier Meyer-<\/p>\n<!--[if lt IE 9]><script>document.createElement('audio');<\/script><![endif]-->\n<audio class=\"wp-audio-shortcode\" id=\"audio-7437-1\" preload=\"none\" style=\"width: 100%;\" controls=\"controls\"><source type=\"audio\/mpeg\" src=\"http:\/\/armstrongyregion.com.ar\/diario\/wp-content\/uploads\/2016\/04\/meyer.mp3?_=1\" \/><a href=\"http:\/\/armstrongyregion.com.ar\/diario\/wp-content\/uploads\/2016\/04\/meyer.mp3\">http:\/\/armstrongyregion.com.ar\/diario\/wp-content\/uploads\/2016\/04\/meyer.mp3<\/a><\/audio>\n<p>&#8211; La propuesta es: a) una revisi\u00f3n durante de 10 d\u00edas de los adicionales derogados por el decreto 02\/16 y b) el municipio pagar\u00e1 los d\u00edas ca\u00eddos del mes de abril m\u00e1s presentismo con los sueldos que se abonen el 5 de mayo, y se pagar\u00eda un anticipo este viernes si se levanta el paro inmediatamente.<\/p>\n<p>&#8211; La manifestaci\u00f3n de ayer no generar\u00e1 beneficios a los trabajores de Las Rosas. Y muchos de los que vinieron lo hicieron enga\u00f1ados ya que pensaban que los motivos del paro eran otros como despidos, no reconocer el 2% de antiguedad y otro.<\/p>\n<p>&#8211; La cuesti\u00f3n se resolver\u00e1 en Las Rosas, y el Ministro de Gobierno se llev\u00f3 una propuesta muy flexible.<\/p>\n<p>&#8211; En pocos d\u00edas habr\u00e1 nuevos agentes capacitados para gestionar el carnet de conducir. Aunque si se levanta la medida de fuerza estar\u00e1 todo en condiciones de hacerlo antes.<\/p>\n<p>(Se sugiere escuchar el audio completo)<\/p>\n","protected":false},"excerpt":{"rendered":"<p>As\u00ed se expres\u00f3 el intendente municipal de la ciudad de Las Rosas. Habl\u00f3 ademas sobre la propuesta que se llev\u00f3 el Ministro de Gobierno y Reforma del Estado Pablo Farias. Tambi\u00e9n hizo un an\u00e1lisis sobre la manifestaci\u00f3n de ayer organizada por FeSTraM. Javier Meyer- &#8211; La propuesta es: a) una revisi\u00f3n durante de 10 d\u00edas <a href=\"https:\/\/armstrongyregion.com.ar\/diario\/javier-meyer-este-intendente-no-renunciara-ni-sera-intervenido\/\" title=\"Read more\" >&#8230;<\/a><\/p>\n","protected":false},"author":2,"featured_media":7438,"comment_status":"open","ping_status":"open","sticky":false,"template":"","format":"standard","meta":{"_jetpack_memberships_contains_paid_content":false,"footnotes":"","jetpack_publicize_message":"","jetpack_publicize_feature_enabled":true,"jetpack_social_post_already_shared":false,"jetpack_social_options":{"image_generator_settings":{"template":"highway","default_image_id":0,"enabled":false},"version":2}},"categories":[1,2,7,3],"tags":[162,802,3828,1565,1934,1772,96,3827,39],"class_list":["post-7437","post","type-post","status-publish","format-standard","has-post-thumbnail","hentry","category-diario-armstrong","category-locales","category-politica","category-region","tag-este","tag-intendente","tag-intervenido","tag-javier","tag-meyer","tag-ni","tag-no","tag-renunciara","tag-sera"],"jetpack_publicize_connections":[],"jetpack_featured_media_url":"https:\/\/armstrongyregion.com.ar\/diario\/wp-content\/uploads\/2016\/04\/Meyer.jpg","jetpack_shortlink":"https:\/\/wp.me\/p62QDO-1VX","jetpack_sharing_enabled":true,"amp_enabled":true,"_links":{"self":[{"href":"https:\/\/armstrongyregion.com.ar\/diario\/wp-json\/wp\/v2\/posts\/7437","targetHints":{"allow":["GET"]}}],"collection":[{"href":"https:\/\/armstrongyregion.com.ar\/diario\/wp-json\/wp\/v2\/posts"}],"about":[{"href":"https:\/\/armstrongyregion.com.ar\/diario\/wp-json\/wp\/v2\/types\/post"}],"author":[{"embeddable":true,"href":"https:\/\/armstrongyregion.com.ar\/diario\/wp-json\/wp\/v2\/users\/2"}],"replies":[{"embeddable":true,"href":"https:\/\/armstrongyregion.com.ar\/diario\/wp-json\/wp\/v2\/comments?post=7437"}],"version-history":[{"count":0,"href":"https:\/\/armstrongyregion.com.ar\/diario\/wp-json\/wp\/v2\/posts\/7437\/revisions"}],"wp:featuredmedia":[{"embeddable":true,"href":"https:\/\/armstrongyregion.com.ar\/diario\/wp-json\/wp\/v2\/media\/7438"}],"wp:attachment":[{"href":"https:\/\/armstrongyregion.com.ar\/diario\/wp-json\/wp\/v2\/media?parent=7437"}],"wp:term":[{"taxonomy":"category","embeddable":true,"href":"https:\/\/armstrongyregion.com.ar\/diario\/wp-json\/wp\/v2\/categories?post=7437"},{"taxonomy":"post_tag","embeddable":true,"href":"https:\/\/armstrongyregion.com.ar\/diario\/wp-json\/wp\/v2\/tags?post=7437"}],"curies":[{"name":"wp","href":"https:\/\/api.w.org\/{rel}","templated":true}]}}