{"id":7434,"date":"2016-04-28T03:19:31","date_gmt":"2016-04-28T03:19:31","guid":{"rendered":"https:\/\/armstrongyregion.com.ar\/diario\/?p=7434"},"modified":"2016-04-28T03:19:31","modified_gmt":"2016-04-28T03:19:31","slug":"gramigna-presento-un-proyecto-para-crear-un-fondo-de-ayuda-a-familias-que-se-inundan","status":"publish","type":"post","link":"https:\/\/armstrongyregion.com.ar\/diario\/gramigna-presento-un-proyecto-para-crear-un-fondo-de-ayuda-a-familias-que-se-inundan\/","title":{"rendered":"Gramigna present\u00f3 un Proyecto para crear un Fondo de Ayuda a Familias que se Inundan."},"content":{"rendered":"<div align=\"left\">\n<p dir=\"ltr\"><a href=\"http:\/\/armstrongyregion.com.ar\/diario\/wp-content\/uploads\/2016\/04\/Concejal-Gramigna-.jpg\"><img loading=\"lazy\" decoding=\"async\" class=\"alignnone size-full wp-image-7435\" src=\"http:\/\/armstrongyregion.com.ar\/diario\/wp-content\/uploads\/2016\/04\/Concejal-Gramigna-.jpg\" alt=\"Concejal-Gramigna-\" width=\"768\" height=\"519\" srcset=\"https:\/\/armstrongyregion.com.ar\/diario\/wp-content\/uploads\/2016\/04\/Concejal-Gramigna-.jpg 768w, https:\/\/armstrongyregion.com.ar\/diario\/wp-content\/uploads\/2016\/04\/Concejal-Gramigna--300x203.jpg 300w\" sizes=\"auto, (max-width: 768px) 100vw, 768px\" \/><\/a>El concejal Emiliano Gramigna, present\u00f3 un proyecto que pretende crear un Fondo de Asistencia para Vecinos afectados por Fen\u00f3menos Clim\u00e1ticos que regir\u00e1 desde \u00e9ste a\u00f1o 2016 en adelante, el Fondo busca ayudar a personas que sufran un da\u00f1o o un deterioro en sus bienes o en su persona y resarcir ese da\u00f1o mediante una ayuda del Estado Municipal. Para la creaci\u00f3n de \u00e9ste Fondo, el proyecto contempla que durante el a\u00f1o 2016 se reduzca la partida de festejos, actos y conmemoraciones y sea afectado al presupuesto del Fondo de ayuda a Vecinos afectados por cuestiones clim\u00e1ticas, principalmente quienes sufren entrada de agua en sus hogaresa raiz de las intensas lluvias.<\/p>\n<\/div>\n<div align=\"left\">\n<p dir=\"ltr\">El Proyecto fue pasado a Comisi\u00f3n con el firme compromiso de todos los Concejales de ser tratado en forma urgente.<\/p>\n<\/div>\n","protected":false},"excerpt":{"rendered":"<p>El concejal Emiliano Gramigna, present\u00f3 un proyecto que pretende crear un Fondo de Asistencia para Vecinos afectados por Fen\u00f3menos Clim\u00e1ticos que regir\u00e1 desde \u00e9ste a\u00f1o 2016 en adelante, el Fondo busca ayudar a personas que sufran un da\u00f1o o un deterioro en sus bienes o en su persona y resarcir ese da\u00f1o mediante una ayuda <a href=\"https:\/\/armstrongyregion.com.ar\/diario\/gramigna-presento-un-proyecto-para-crear-un-fondo-de-ayuda-a-familias-que-se-inundan\/\" title=\"Read more\" >&#8230;<\/a><\/p>\n","protected":false},"author":2,"featured_media":7435,"comment_status":"open","ping_status":"open","sticky":false,"template":"","format":"standard","meta":{"_jetpack_memberships_contains_paid_content":false,"footnotes":"","jetpack_publicize_message":"","jetpack_publicize_feature_enabled":true,"jetpack_social_post_already_shared":false,"jetpack_social_options":{"image_generator_settings":{"template":"highway","default_image_id":0,"enabled":false},"version":2}},"categories":[1,2,7],"tags":[3825,1137,19,499,979,3826,81,25,639,108,86,192],"class_list":["post-7434","post","type-post","status-publish","format-standard","has-post-thumbnail","hentry","category-diario-armstrong","category-locales","category-politica","tag-ayuda-a-familias","tag-crear","tag-de","tag-fondo","tag-gramigna","tag-inundan","tag-para","tag-presento","tag-proyecto","tag-que","tag-se","tag-un"],"jetpack_publicize_connections":[],"jetpack_featured_media_url":"https:\/\/armstrongyregion.com.ar\/diario\/wp-content\/uploads\/2016\/04\/Concejal-Gramigna-.jpg","jetpack_shortlink":"https:\/\/wp.me\/p62QDO-1VU","jetpack_sharing_enabled":true,"amp_enabled":true,"_links":{"self":[{"href":"https:\/\/armstrongyregion.com.ar\/diario\/wp-json\/wp\/v2\/posts\/7434","targetHints":{"allow":["GET"]}}],"collection":[{"href":"https:\/\/armstrongyregion.com.ar\/diario\/wp-json\/wp\/v2\/posts"}],"about":[{"href":"https:\/\/armstrongyregion.com.ar\/diario\/wp-json\/wp\/v2\/types\/post"}],"author":[{"embeddable":true,"href":"https:\/\/armstrongyregion.com.ar\/diario\/wp-json\/wp\/v2\/users\/2"}],"replies":[{"embeddable":true,"href":"https:\/\/armstrongyregion.com.ar\/diario\/wp-json\/wp\/v2\/comments?post=7434"}],"version-history":[{"count":0,"href":"https:\/\/armstrongyregion.com.ar\/diario\/wp-json\/wp\/v2\/posts\/7434\/revisions"}],"wp:featuredmedia":[{"embeddable":true,"href":"https:\/\/armstrongyregion.com.ar\/diario\/wp-json\/wp\/v2\/media\/7435"}],"wp:attachment":[{"href":"https:\/\/armstrongyregion.com.ar\/diario\/wp-json\/wp\/v2\/media?parent=7434"}],"wp:term":[{"taxonomy":"category","embeddable":true,"href":"https:\/\/armstrongyregion.com.ar\/diario\/wp-json\/wp\/v2\/categories?post=7434"},{"taxonomy":"post_tag","embeddable":true,"href":"https:\/\/armstrongyregion.com.ar\/diario\/wp-json\/wp\/v2\/tags?post=7434"}],"curies":[{"name":"wp","href":"https:\/\/api.w.org\/{rel}","templated":true}]}}