{"id":7431,"date":"2016-04-28T03:06:56","date_gmt":"2016-04-28T03:06:56","guid":{"rendered":"https:\/\/armstrongyregion.com.ar\/diario\/?p=7431"},"modified":"2016-04-28T03:06:56","modified_gmt":"2016-04-28T03:06:56","slug":"reclamo-por-transporte-de-pasajeros","status":"publish","type":"post","link":"https:\/\/armstrongyregion.com.ar\/diario\/reclamo-por-transporte-de-pasajeros\/","title":{"rendered":"Reclamo por transporte de pasajeros."},"content":{"rendered":"<div><a href=\"http:\/\/armstrongyregion.com.ar\/diario\/wp-content\/uploads\/2016\/04\/armstrong-region.jpg\"><img loading=\"lazy\" decoding=\"async\" class=\"alignnone size-full wp-image-7432\" src=\"http:\/\/armstrongyregion.com.ar\/diario\/wp-content\/uploads\/2016\/04\/armstrong-region.jpg\" alt=\"armstrong region\" width=\"768\" height=\"510\" srcset=\"https:\/\/armstrongyregion.com.ar\/diario\/wp-content\/uploads\/2016\/04\/armstrong-region.jpg 768w, https:\/\/armstrongyregion.com.ar\/diario\/wp-content\/uploads\/2016\/04\/armstrong-region-300x199.jpg 300w\" sizes=\"auto, (max-width: 768px) 100vw, 768px\" \/><\/a>El bloque del Frente Progresista se hizo eco del reclamo de estudiantes terciarios y universitarios de nuestra ciudad que viajan a diario a la ciudad de Ca\u00f1ada de G\u00f3mez, y no cuentan con frecuencia de horarios para retornar a sus hogares a la salida de los institutos.<\/div>\n<div>A trav\u00e9s de una resoluci\u00f3n, el Concejo aprob\u00f3 por unanimidad, enviarle al Secretario de Transporte de la Provincia el reclamo para \u00a0intervenga en este inconveniente para encontrar una pronta soluci\u00f3n.<\/div>\n<p>&nbsp;<\/p>\n","protected":false},"excerpt":{"rendered":"<p>El bloque del Frente Progresista se hizo eco del reclamo de estudiantes terciarios y universitarios de nuestra ciudad que viajan a diario a la ciudad de Ca\u00f1ada de G\u00f3mez, y no cuentan con frecuencia de horarios para retornar a sus hogares a la salida de los institutos. A trav\u00e9s de una resoluci\u00f3n, el Concejo aprob\u00f3 <a href=\"https:\/\/armstrongyregion.com.ar\/diario\/reclamo-por-transporte-de-pasajeros\/\" title=\"Read more\" >&#8230;<\/a><\/p>\n","protected":false},"author":2,"featured_media":7432,"comment_status":"open","ping_status":"open","sticky":false,"template":"","format":"standard","meta":{"_jetpack_memberships_contains_paid_content":false,"footnotes":"","jetpack_publicize_message":"","jetpack_publicize_feature_enabled":true,"jetpack_social_post_already_shared":false,"jetpack_social_options":{"image_generator_settings":{"template":"highway","default_image_id":0,"enabled":false},"version":2}},"categories":[1,2,7],"tags":[19,16,3824,60,166,1090],"class_list":["post-7431","post","type-post","status-publish","format-standard","has-post-thumbnail","hentry","category-diario-armstrong","category-locales","category-politica","tag-de","tag-el","tag-pasajeros","tag-por","tag-reclamo","tag-transporte"],"jetpack_publicize_connections":[],"jetpack_featured_media_url":"https:\/\/armstrongyregion.com.ar\/diario\/wp-content\/uploads\/2016\/04\/armstrong-region.jpg","jetpack_shortlink":"https:\/\/wp.me\/p62QDO-1VR","jetpack_sharing_enabled":true,"amp_enabled":true,"_links":{"self":[{"href":"https:\/\/armstrongyregion.com.ar\/diario\/wp-json\/wp\/v2\/posts\/7431","targetHints":{"allow":["GET"]}}],"collection":[{"href":"https:\/\/armstrongyregion.com.ar\/diario\/wp-json\/wp\/v2\/posts"}],"about":[{"href":"https:\/\/armstrongyregion.com.ar\/diario\/wp-json\/wp\/v2\/types\/post"}],"author":[{"embeddable":true,"href":"https:\/\/armstrongyregion.com.ar\/diario\/wp-json\/wp\/v2\/users\/2"}],"replies":[{"embeddable":true,"href":"https:\/\/armstrongyregion.com.ar\/diario\/wp-json\/wp\/v2\/comments?post=7431"}],"version-history":[{"count":0,"href":"https:\/\/armstrongyregion.com.ar\/diario\/wp-json\/wp\/v2\/posts\/7431\/revisions"}],"wp:featuredmedia":[{"embeddable":true,"href":"https:\/\/armstrongyregion.com.ar\/diario\/wp-json\/wp\/v2\/media\/7432"}],"wp:attachment":[{"href":"https:\/\/armstrongyregion.com.ar\/diario\/wp-json\/wp\/v2\/media?parent=7431"}],"wp:term":[{"taxonomy":"category","embeddable":true,"href":"https:\/\/armstrongyregion.com.ar\/diario\/wp-json\/wp\/v2\/categories?post=7431"},{"taxonomy":"post_tag","embeddable":true,"href":"https:\/\/armstrongyregion.com.ar\/diario\/wp-json\/wp\/v2\/tags?post=7431"}],"curies":[{"name":"wp","href":"https:\/\/api.w.org\/{rel}","templated":true}]}}