{"id":7408,"date":"2016-04-27T23:53:25","date_gmt":"2016-04-27T23:53:25","guid":{"rendered":"https:\/\/armstrongyregion.com.ar\/diario\/?p=7408"},"modified":"2016-04-27T23:56:20","modified_gmt":"2016-04-27T23:56:20","slug":"municipales-de-toda-la-provincia-se-movilizaron-hasta-las-rosas","status":"publish","type":"post","link":"https:\/\/armstrongyregion.com.ar\/diario\/municipales-de-toda-la-provincia-se-movilizaron-hasta-las-rosas\/","title":{"rendered":"Municipales de toda la provincia se movilizaron hasta Las Rosas."},"content":{"rendered":"<p><a href=\"http:\/\/armstrongyregion.com.ar\/diario\/wp-content\/uploads\/2016\/04\/municipales.jpg\"><img loading=\"lazy\" decoding=\"async\" class=\"alignnone size-full wp-image-7409\" src=\"http:\/\/armstrongyregion.com.ar\/diario\/wp-content\/uploads\/2016\/04\/municipales.jpg\" alt=\"municipales\" width=\"720\" height=\"405\" srcset=\"https:\/\/armstrongyregion.com.ar\/diario\/wp-content\/uploads\/2016\/04\/municipales.jpg 720w, https:\/\/armstrongyregion.com.ar\/diario\/wp-content\/uploads\/2016\/04\/municipales-300x169.jpg 300w\" sizes=\"auto, (max-width: 720px) 100vw, 720px\" \/><\/a>Se realiz\u00f3 hoy el paro provincial determinado por FESTraM, con concentraci\u00f3n en nuestra ciudad durante esta ma\u00f1ana.<\/p>\n<p>Audio Claudio Leoni.<\/p>\n<p><!--[if lt IE 9]><script>document.createElement('audio');<\/script><![endif]-->\n<audio class=\"wp-audio-shortcode\" id=\"audio-7408-1\" preload=\"none\" style=\"width: 100%;\" controls=\"controls\"><source type=\"audio\/mpeg\" src=\"http:\/\/armstrongyregion.com.ar\/diario\/wp-content\/uploads\/2016\/04\/claudio-leoni.mp3?_=1\" \/><a href=\"http:\/\/armstrongyregion.com.ar\/diario\/wp-content\/uploads\/2016\/04\/claudio-leoni.mp3\">http:\/\/armstrongyregion.com.ar\/diario\/wp-content\/uploads\/2016\/04\/claudio-leoni.mp3<\/a><\/audio><br \/>\nA partir de las 9 horas aproximadamente comenzaron a llegar los empleados municipales dispuestos a participar del acto convocado por la Federaci\u00f3n Santafesina de Trabajadores Municipales. Lo hicieron en omnibus, en un n\u00famero de aproximadamente 20 unidades, las combis, en cantidad cercana a las 30, ambos ubicados en el play\u00f3n del Centro Cultural y el predio aleda\u00f1o del ferrocarril, m\u00e1s veh\u00edculos particulares.<\/p>\n<p>Desde ese lugar los distintos grupos se desplazaron por la calles, mostrando en sus banderas, pancartas o chalecos el or\u00edgen de cada delegaci\u00f3n, y se fueron ubicando frente al edificio municipal, lugar en que se encuentra la carpa levantada por los trabajadores en paro y en donde adem\u00e1s se mont\u00f3 un escenario improvisado sobre un acoplado. Desde all\u00ed<br \/>\nhablaron dirigentes de distintos sindicatos municipales de Santa Fe.<\/p>\n<p>La manifestaci\u00f3n se extendi\u00f3 hasta alrededor de las 12:30 horas, donde luego de los discursos las columnas se desconcentraron caminando hacia los transportes que las trajeron.<\/p>\n<p>Durante toda la ma\u00f1ana se mont\u00f3 un cuidadoso operativo policial que di\u00f3 seguridad a edificios p\u00fablicos, escuelas cercanas, entidades bancarias y se distribuyeron tambi\u00e9n en toda la zona centro de nuestra ciudad.<\/p>\n<p>En el audio puede escuchar al Secretario General de FESTraM Claudio Leoni, qui\u00e9n en entrevista radial explica los motivos del paro y movilizaci\u00f3n.<br \/>\nFuente: Las Rosas Digital.<\/p>\n","protected":false},"excerpt":{"rendered":"<p>Se realiz\u00f3 hoy el paro provincial determinado por FESTraM, con concentraci\u00f3n en nuestra ciudad durante esta ma\u00f1ana. Audio Claudio Leoni. A partir de las 9 horas aproximadamente comenzaron a llegar los empleados municipales dispuestos a participar del acto convocado por la Federaci\u00f3n Santafesina de Trabajadores Municipales. Lo hicieron en omnibus, en un n\u00famero de aproximadamente <a href=\"https:\/\/armstrongyregion.com.ar\/diario\/municipales-de-toda-la-provincia-se-movilizaron-hasta-las-rosas\/\" title=\"Read more\" >&#8230;<\/a><\/p>\n","protected":false},"author":2,"featured_media":7409,"comment_status":"open","ping_status":"open","sticky":false,"template":"","format":"standard","meta":{"_jetpack_memberships_contains_paid_content":false,"footnotes":"","jetpack_publicize_message":"","jetpack_publicize_feature_enabled":true,"jetpack_social_post_already_shared":false,"jetpack_social_options":{"image_generator_settings":{"template":"highway","default_image_id":0,"enabled":false},"version":2}},"categories":[1,2,7,3],"tags":[19,1534,31,23,3014,208,565,361,86,564],"class_list":["post-7408","post","type-post","status-publish","format-standard","has-post-thumbnail","hentry","category-diario-armstrong","category-locales","category-politica","category-region","tag-de","tag-hacia","tag-la","tag-las","tag-movilizaron","tag-municipales","tag-provincia","tag-rosas","tag-se","tag-toda"],"jetpack_publicize_connections":[],"jetpack_featured_media_url":"https:\/\/armstrongyregion.com.ar\/diario\/wp-content\/uploads\/2016\/04\/municipales.jpg","jetpack_shortlink":"https:\/\/wp.me\/p62QDO-1Vu","jetpack_sharing_enabled":true,"amp_enabled":true,"_links":{"self":[{"href":"https:\/\/armstrongyregion.com.ar\/diario\/wp-json\/wp\/v2\/posts\/7408","targetHints":{"allow":["GET"]}}],"collection":[{"href":"https:\/\/armstrongyregion.com.ar\/diario\/wp-json\/wp\/v2\/posts"}],"about":[{"href":"https:\/\/armstrongyregion.com.ar\/diario\/wp-json\/wp\/v2\/types\/post"}],"author":[{"embeddable":true,"href":"https:\/\/armstrongyregion.com.ar\/diario\/wp-json\/wp\/v2\/users\/2"}],"replies":[{"embeddable":true,"href":"https:\/\/armstrongyregion.com.ar\/diario\/wp-json\/wp\/v2\/comments?post=7408"}],"version-history":[{"count":0,"href":"https:\/\/armstrongyregion.com.ar\/diario\/wp-json\/wp\/v2\/posts\/7408\/revisions"}],"wp:featuredmedia":[{"embeddable":true,"href":"https:\/\/armstrongyregion.com.ar\/diario\/wp-json\/wp\/v2\/media\/7409"}],"wp:attachment":[{"href":"https:\/\/armstrongyregion.com.ar\/diario\/wp-json\/wp\/v2\/media?parent=7408"}],"wp:term":[{"taxonomy":"category","embeddable":true,"href":"https:\/\/armstrongyregion.com.ar\/diario\/wp-json\/wp\/v2\/categories?post=7408"},{"taxonomy":"post_tag","embeddable":true,"href":"https:\/\/armstrongyregion.com.ar\/diario\/wp-json\/wp\/v2\/tags?post=7408"}],"curies":[{"name":"wp","href":"https:\/\/api.w.org\/{rel}","templated":true}]}}