{"id":7384,"date":"2016-04-26T15:53:39","date_gmt":"2016-04-26T15:53:39","guid":{"rendered":"https:\/\/armstrongyregion.com.ar\/diario\/?p=7384"},"modified":"2016-04-26T15:53:39","modified_gmt":"2016-04-26T15:53:39","slug":"actualidad-politica-y-social-parejense-mas-educacion-desde-la-region-v","status":"publish","type":"post","link":"https:\/\/armstrongyregion.com.ar\/diario\/actualidad-politica-y-social-parejense-mas-educacion-desde-la-region-v\/","title":{"rendered":"Actualidad pol\u00edtica y social Parejense m\u00e1s  Educaci\u00f3n desde la Region V."},"content":{"rendered":"<p><a href=\"http:\/\/armstrongyregion.com.ar\/diario\/wp-content\/uploads\/2016\/04\/DSC_0335.jpg\"><img loading=\"lazy\" decoding=\"async\" class=\"alignnone size-full wp-image-7385\" src=\"http:\/\/armstrongyregion.com.ar\/diario\/wp-content\/uploads\/2016\/04\/DSC_0335.jpg\" alt=\"Vanina-Cirioni\" width=\"3456\" height=\"2304\" srcset=\"https:\/\/armstrongyregion.com.ar\/diario\/wp-content\/uploads\/2016\/04\/DSC_0335.jpg 3456w, https:\/\/armstrongyregion.com.ar\/diario\/wp-content\/uploads\/2016\/04\/DSC_0335-300x200.jpg 300w, https:\/\/armstrongyregion.com.ar\/diario\/wp-content\/uploads\/2016\/04\/DSC_0335-1024x683.jpg 1024w\" sizes=\"auto, (max-width: 3456px) 100vw, 3456px\" \/><\/a>Hoy en Deliberando \u00a0nos interiorizaremos sobre \u00a0la realidad \u00a0parejense desde su \u00e1rea social, como es el trabajo que se realiza desde el municipio para atender las necesidades de los ciudadanos con la presencia de Georgina Pieretti Secretaria de Desarrollo Social y la Concejal Vanina Cirioni aportando su experiencia desde el concejo.<\/p>\n<p>Tambi\u00e9n La Concejal Sandra Clerici, har\u00e1 su aporte sobre los temas que se tratan en el concejo en relaci\u00f3n a la seguridad, \u00a0salud, obra p\u00fablica entre otros.<\/p>\n<p>Finalmente la Regi\u00f3n V en marzo hizo un cambio de delegado, en este caso Mario Ramos nos dara su visi\u00f3n del cargo que abarca 3 departamentos y mas de 400 instituciones educativas.<\/p>\n<p>Hoy a las 21hs Deliberando. Por Cable Imagen Armstrong.<\/p>\n","protected":false},"excerpt":{"rendered":"<p>Hoy en Deliberando \u00a0nos interiorizaremos sobre \u00a0la realidad \u00a0parejense desde su \u00e1rea social, como es el trabajo que se realiza desde el municipio para atender las necesidades de los ciudadanos con la presencia de Georgina Pieretti Secretaria de Desarrollo Social y la Concejal Vanina Cirioni aportando su experiencia desde el concejo. Tambi\u00e9n La Concejal Sandra <a href=\"https:\/\/armstrongyregion.com.ar\/diario\/actualidad-politica-y-social-parejense-mas-educacion-desde-la-region-v\/\" title=\"Read more\" >&#8230;<\/a><\/p>\n","protected":false},"author":2,"featured_media":7385,"comment_status":"open","ping_status":"open","sticky":false,"template":"","format":"standard","meta":{"_jetpack_memberships_contains_paid_content":false,"footnotes":"","jetpack_publicize_message":"","jetpack_publicize_feature_enabled":true,"jetpack_social_post_already_shared":false,"jetpack_social_options":{"image_generator_settings":{"template":"highway","default_image_id":0,"enabled":false},"version":2}},"categories":[6,8,1,2,7,3],"tags":[2960,40,367,1491,388,1111,1065,13],"class_list":["post-7384","post","type-post","status-publish","format-standard","has-post-thumbnail","hentry","category-cultura-entretenimiento","category-deliberando","category-diario-armstrong","category-locales","category-politica","category-region","tag-actualidad","tag-mas","tag-parejense","tag-politica-2","tag-region-2","tag-social","tag-v","tag-y"],"jetpack_publicize_connections":[],"jetpack_featured_media_url":"https:\/\/armstrongyregion.com.ar\/diario\/wp-content\/uploads\/2016\/04\/DSC_0335.jpg","jetpack_shortlink":"https:\/\/wp.me\/p62QDO-1V6","jetpack_sharing_enabled":true,"amp_enabled":true,"_links":{"self":[{"href":"https:\/\/armstrongyregion.com.ar\/diario\/wp-json\/wp\/v2\/posts\/7384","targetHints":{"allow":["GET"]}}],"collection":[{"href":"https:\/\/armstrongyregion.com.ar\/diario\/wp-json\/wp\/v2\/posts"}],"about":[{"href":"https:\/\/armstrongyregion.com.ar\/diario\/wp-json\/wp\/v2\/types\/post"}],"author":[{"embeddable":true,"href":"https:\/\/armstrongyregion.com.ar\/diario\/wp-json\/wp\/v2\/users\/2"}],"replies":[{"embeddable":true,"href":"https:\/\/armstrongyregion.com.ar\/diario\/wp-json\/wp\/v2\/comments?post=7384"}],"version-history":[{"count":0,"href":"https:\/\/armstrongyregion.com.ar\/diario\/wp-json\/wp\/v2\/posts\/7384\/revisions"}],"wp:featuredmedia":[{"embeddable":true,"href":"https:\/\/armstrongyregion.com.ar\/diario\/wp-json\/wp\/v2\/media\/7385"}],"wp:attachment":[{"href":"https:\/\/armstrongyregion.com.ar\/diario\/wp-json\/wp\/v2\/media?parent=7384"}],"wp:term":[{"taxonomy":"category","embeddable":true,"href":"https:\/\/armstrongyregion.com.ar\/diario\/wp-json\/wp\/v2\/categories?post=7384"},{"taxonomy":"post_tag","embeddable":true,"href":"https:\/\/armstrongyregion.com.ar\/diario\/wp-json\/wp\/v2\/tags?post=7384"}],"curies":[{"name":"wp","href":"https:\/\/api.w.org\/{rel}","templated":true}]}}