{"id":7378,"date":"2016-04-26T15:34:47","date_gmt":"2016-04-26T15:34:47","guid":{"rendered":"https:\/\/armstrongyregion.com.ar\/diario\/?p=7378"},"modified":"2016-04-26T15:34:47","modified_gmt":"2016-04-26T15:34:47","slug":"armstrong-orden-del-dia-26-de-abril","status":"publish","type":"post","link":"https:\/\/armstrongyregion.com.ar\/diario\/armstrong-orden-del-dia-26-de-abril\/","title":{"rendered":"Armstrong. Orden del D\u00eda 26 de Abril."},"content":{"rendered":"<p><a href=\"http:\/\/armstrongyregion.com.ar\/diario\/wp-content\/uploads\/2016\/04\/Concejo-Deliberante-1.jpg\"><img loading=\"lazy\" decoding=\"async\" class=\"alignnone size-full wp-image-7379\" src=\"http:\/\/armstrongyregion.com.ar\/diario\/wp-content\/uploads\/2016\/04\/Concejo-Deliberante-1.jpg\" alt=\"Concejo-Deliberante-\" width=\"768\" height=\"506\" srcset=\"https:\/\/armstrongyregion.com.ar\/diario\/wp-content\/uploads\/2016\/04\/Concejo-Deliberante-1.jpg 768w, https:\/\/armstrongyregion.com.ar\/diario\/wp-content\/uploads\/2016\/04\/Concejo-Deliberante-1-300x198.jpg 300w\" sizes=\"auto, (max-width: 768px) 100vw, 768px\" \/><\/a>1-\u00a0 <u>ACTA \u00a0SESI\u00d3N\u00a0 N\u00ba 892<\/u><\/p>\n<p>2-\u00a0 <u>MENSAJES DEL D.E.:<\/u>A- PROYECTO DE ORDENANZA, SOBRE APORTE DE FONDOS MENORES PARA OBRAS DE CORD\u00d3N CUNETA.<\/p>\n<p>3-\u00a0 <u>CORRESPONDENCIAS:<\/u>\u00a0A- INVITACI\u00d3N DEL ROTARY CLUB, PARA EL ALMUERZO DE SU 49\u00ba ANIVERSARIO.<\/p>\n<p>B- CENTRO COMERCIAL: INFORME SOBRE PROYECTO DE ORDENANZA PRESENTADO.<\/p>\n<p>&nbsp;<\/p>\n<p>4-\u00a0 <u>DICTAMENES DE COMISIONES:<\/u><\/p>\n<p>&nbsp;<\/p>\n<p>5-\u00a0 <u>PROYECTOS DE CONCEJALES:<\/u><\/p>\n<p>&nbsp;<\/p>\n<p>A- <u>BLOQUE DE FRENTE PROGRESISTA, C\u00cdVICO Y SOCIAL:<\/u><\/p>\n<p>&nbsp;<\/p>\n<p>1- RES.: FRECUENCIA DE TRANSPORTE P\u00daBLICO DE PASAJEROS.<\/p>\n<p>&nbsp;<\/p>\n<p>B- <u>BLOQUE DE RENOVACI\u00d3N POR ARMSTRONG:<\/u><\/p>\n<p>&nbsp;<\/p>\n<p>2- ORD.: CREACI\u00d3N DEL FONDO DE ASISTENCIA PARA VECINOS AFECTADOS POR FEN\u00d3MENOS CLIM\u00c1TICOS.<\/p>\n<p>&nbsp;<\/p>\n<p>C- <u>BLOQUE DE LA GRAN\u00a0 ARGENTINA \u2013 PARTIDO JUSTICIALISTA: <\/u><\/p>\n<p>&nbsp;<\/p>\n<p>3-\u00a0 ORD.: CREACI\u00d3N DEL SERVICIO DE URGENCIA PEDI\u00c1TRICA DE ARMSTRONG.<\/p>\n<p>&nbsp;<\/p>\n<p>D- <u>BLOQUE DE FRENTE JUSTICIALISTA PARA LA VICTORIA:<\/u><\/p>\n<p>&nbsp;<\/p>\n<p>4-\u00a0 MC.: INFORME DEL LISTADO DE BENEFICIARIOS DEL INSTITUTO BECARIO MUNICIPAL.<\/p>\n<p>&nbsp;<\/p>\n<p>E- <u>CONCEJO:<\/u><\/p>\n<p>&nbsp;<\/p>\n<p>5- MD.: D\u00cdA DEL TRABAJADOR.<\/p>\n<p>6- MD.: ANIVERSARIO DEL FALLECIMIENTO DE CLAUDIO MARCELO GIARETTI.<\/p>\n<p>7- RES.: MIEMBROS DEL INSTITUTO BECARIO MUNICIPAL.<\/p>\n<p>8- RES.: MIEMBROS DEL CONSEJO DE SEGURIDAD CIUDADANA.<\/p>\n<p>&nbsp;<\/p>\n<p>INICIO A LAS 20:00 HORAS.-<\/p>\n<p>&nbsp;<\/p>\n","protected":false},"excerpt":{"rendered":"<p>1-\u00a0 ACTA \u00a0SESI\u00d3N\u00a0 N\u00ba 892 2-\u00a0 MENSAJES DEL D.E.:A- PROYECTO DE ORDENANZA, SOBRE APORTE DE FONDOS MENORES PARA OBRAS DE CORD\u00d3N CUNETA. 3-\u00a0 CORRESPONDENCIAS:\u00a0A- INVITACI\u00d3N DEL ROTARY CLUB, PARA EL ALMUERZO DE SU 49\u00ba ANIVERSARIO. B- CENTRO COMERCIAL: INFORME SOBRE PROYECTO DE ORDENANZA PRESENTADO. &nbsp; 4-\u00a0 DICTAMENES DE COMISIONES: &nbsp; 5-\u00a0 PROYECTOS DE CONCEJALES: &nbsp; <a href=\"https:\/\/armstrongyregion.com.ar\/diario\/armstrong-orden-del-dia-26-de-abril\/\" title=\"Read more\" >&#8230;<\/a><\/p>\n","protected":false},"author":2,"featured_media":7379,"comment_status":"open","ping_status":"open","sticky":false,"template":"","format":"standard","meta":{"_jetpack_memberships_contains_paid_content":false,"footnotes":"","jetpack_publicize_message":"","jetpack_publicize_feature_enabled":true,"jetpack_social_post_already_shared":false,"jetpack_social_options":{"image_generator_settings":{"template":"highway","default_image_id":0,"enabled":false},"version":2}},"categories":[1,2,7],"tags":[1812,1314,19,53,793,1570],"class_list":["post-7378","post","type-post","status-publish","format-standard","has-post-thumbnail","hentry","category-diario-armstrong","category-locales","category-politica","tag-1812","tag-abril","tag-de","tag-del","tag-dia","tag-orden"],"jetpack_publicize_connections":[],"jetpack_featured_media_url":"https:\/\/armstrongyregion.com.ar\/diario\/wp-content\/uploads\/2016\/04\/Concejo-Deliberante-1.jpg","jetpack_shortlink":"https:\/\/wp.me\/p62QDO-1V0","jetpack_sharing_enabled":true,"amp_enabled":true,"_links":{"self":[{"href":"https:\/\/armstrongyregion.com.ar\/diario\/wp-json\/wp\/v2\/posts\/7378","targetHints":{"allow":["GET"]}}],"collection":[{"href":"https:\/\/armstrongyregion.com.ar\/diario\/wp-json\/wp\/v2\/posts"}],"about":[{"href":"https:\/\/armstrongyregion.com.ar\/diario\/wp-json\/wp\/v2\/types\/post"}],"author":[{"embeddable":true,"href":"https:\/\/armstrongyregion.com.ar\/diario\/wp-json\/wp\/v2\/users\/2"}],"replies":[{"embeddable":true,"href":"https:\/\/armstrongyregion.com.ar\/diario\/wp-json\/wp\/v2\/comments?post=7378"}],"version-history":[{"count":0,"href":"https:\/\/armstrongyregion.com.ar\/diario\/wp-json\/wp\/v2\/posts\/7378\/revisions"}],"wp:featuredmedia":[{"embeddable":true,"href":"https:\/\/armstrongyregion.com.ar\/diario\/wp-json\/wp\/v2\/media\/7379"}],"wp:attachment":[{"href":"https:\/\/armstrongyregion.com.ar\/diario\/wp-json\/wp\/v2\/media?parent=7378"}],"wp:term":[{"taxonomy":"category","embeddable":true,"href":"https:\/\/armstrongyregion.com.ar\/diario\/wp-json\/wp\/v2\/categories?post=7378"},{"taxonomy":"post_tag","embeddable":true,"href":"https:\/\/armstrongyregion.com.ar\/diario\/wp-json\/wp\/v2\/tags?post=7378"}],"curies":[{"name":"wp","href":"https:\/\/api.w.org\/{rel}","templated":true}]}}