{"id":7369,"date":"2016-04-26T02:40:04","date_gmt":"2016-04-26T02:40:04","guid":{"rendered":"https:\/\/armstrongyregion.com.ar\/diario\/?p=7369"},"modified":"2016-04-26T02:40:04","modified_gmt":"2016-04-26T02:40:04","slug":"armstrong-otra-vez-venimos-a-reclamar-por-el-barrio-suenos-del-sur","status":"publish","type":"post","link":"https:\/\/armstrongyregion.com.ar\/diario\/armstrong-otra-vez-venimos-a-reclamar-por-el-barrio-suenos-del-sur\/","title":{"rendered":"Armstrong. \u201cOtra vez venimos a reclamar por el barrio Sue\u00f1os del Sur\u201d."},"content":{"rendered":"<p><a href=\"http:\/\/armstrongyregion.com.ar\/diario\/wp-content\/uploads\/2016\/04\/Sue\u00f1os-del-sur-.jpg\"><img loading=\"lazy\" decoding=\"async\" class=\"alignnone size-full wp-image-7370\" src=\"http:\/\/armstrongyregion.com.ar\/diario\/wp-content\/uploads\/2016\/04\/Sue\u00f1os-del-sur-.jpg\" alt=\"Sue\u00f1os-del-sur-\" width=\"960\" height=\"539\" srcset=\"https:\/\/armstrongyregion.com.ar\/diario\/wp-content\/uploads\/2016\/04\/Sue\u00f1os-del-sur-.jpg 960w, https:\/\/armstrongyregion.com.ar\/diario\/wp-content\/uploads\/2016\/04\/Sue\u00f1os-del-sur--300x168.jpg 300w\" sizes=\"auto, (max-width: 960px) 100vw, 960px\" \/><\/a>Las palabras de Adriana, son contundentes, esta joven vecina que hace un a\u00f1o y medio fue a vivir con su familia, nunca se imagin\u00f3 los padecimientos que est\u00e1n sufriendo quienes viven en este \u00a0loteo de la zona sur.<\/p>\n<p>En la noche de hoy y en sesi\u00f3n de comisi\u00f3n, Adriana fue en representaci\u00f3n de los vecinos y propietarios de terrenos en \u201cSue\u00f1os del Sur\u201d.<\/p>\n<p>La vecina en dialogo con nuestro medio expres\u00f3, \u201cNosotros solo reclamamos sea aprobada la Tasa Municipal porque dificulta la posibilidad de cobrar multas para quien no mantenga los terrenos y para todo lo que tenga que ver con los servicios como la recolecci\u00f3n de basura, el mantenimiento de las calles, etc.\u201d<\/p>\n<p>Adriana continu\u00f3, \u201cTodos estamos dispuestos a poder pagar lo que corresponde y poder vivir en un barrio que pertenezca a la ciudad, no se puede vivir como estamos viviendo\u201d.<\/p>\n<p>Siguiendo la misma l\u00ednea de discurso la vecina dijo, \u201cEl otro d\u00eda se muri\u00f3 un potrillo, porque al animal lo mordi\u00f3 un perro y nosotros tuvimos que llamar a un veterinario. Que por lo avanzado de la infecci\u00f3n no lo pudo salvar. La responsabilidad era del due\u00f1o. Y hay varios caballos sueltos en el barrio y es inhumano que nadie los atienda<\/p>\n","protected":false},"excerpt":{"rendered":"<p>Las palabras de Adriana, son contundentes, esta joven vecina que hace un a\u00f1o y medio fue a vivir con su familia, nunca se imagin\u00f3 los padecimientos que est\u00e1n sufriendo quienes viven en este \u00a0loteo de la zona sur. En la noche de hoy y en sesi\u00f3n de comisi\u00f3n, Adriana fue en representaci\u00f3n de los vecinos <a href=\"https:\/\/armstrongyregion.com.ar\/diario\/armstrong-otra-vez-venimos-a-reclamar-por-el-barrio-suenos-del-sur\/\" title=\"Read more\" >&#8230;<\/a><\/p>\n","protected":false},"author":2,"featured_media":7370,"comment_status":"open","ping_status":"open","sticky":false,"template":"","format":"standard","meta":{"_jetpack_memberships_contains_paid_content":false,"footnotes":"","jetpack_publicize_message":"","jetpack_publicize_feature_enabled":true,"jetpack_social_post_already_shared":false,"jetpack_social_options":{"image_generator_settings":{"template":"highway","default_image_id":0,"enabled":false},"version":2}},"categories":[1,2,3],"tags":[33,20,288,53,16,2378,60,3812,1627,954,3811,2463],"class_list":["post-7369","post","type-post","status-publish","format-standard","has-post-thumbnail","hentry","category-diario-armstrong","category-locales","category-region","tag-a","tag-armstrong","tag-barrio","tag-del","tag-el","tag-otra","tag-por","tag-reclamar","tag-suenos","tag-sur","tag-venimos","tag-vez"],"jetpack_publicize_connections":[],"jetpack_featured_media_url":"https:\/\/armstrongyregion.com.ar\/diario\/wp-content\/uploads\/2016\/04\/Sue\u00f1os-del-sur-.jpg","jetpack_shortlink":"https:\/\/wp.me\/p62QDO-1UR","jetpack_sharing_enabled":true,"amp_enabled":true,"_links":{"self":[{"href":"https:\/\/armstrongyregion.com.ar\/diario\/wp-json\/wp\/v2\/posts\/7369","targetHints":{"allow":["GET"]}}],"collection":[{"href":"https:\/\/armstrongyregion.com.ar\/diario\/wp-json\/wp\/v2\/posts"}],"about":[{"href":"https:\/\/armstrongyregion.com.ar\/diario\/wp-json\/wp\/v2\/types\/post"}],"author":[{"embeddable":true,"href":"https:\/\/armstrongyregion.com.ar\/diario\/wp-json\/wp\/v2\/users\/2"}],"replies":[{"embeddable":true,"href":"https:\/\/armstrongyregion.com.ar\/diario\/wp-json\/wp\/v2\/comments?post=7369"}],"version-history":[{"count":0,"href":"https:\/\/armstrongyregion.com.ar\/diario\/wp-json\/wp\/v2\/posts\/7369\/revisions"}],"wp:featuredmedia":[{"embeddable":true,"href":"https:\/\/armstrongyregion.com.ar\/diario\/wp-json\/wp\/v2\/media\/7370"}],"wp:attachment":[{"href":"https:\/\/armstrongyregion.com.ar\/diario\/wp-json\/wp\/v2\/media?parent=7369"}],"wp:term":[{"taxonomy":"category","embeddable":true,"href":"https:\/\/armstrongyregion.com.ar\/diario\/wp-json\/wp\/v2\/categories?post=7369"},{"taxonomy":"post_tag","embeddable":true,"href":"https:\/\/armstrongyregion.com.ar\/diario\/wp-json\/wp\/v2\/tags?post=7369"}],"curies":[{"name":"wp","href":"https:\/\/api.w.org\/{rel}","templated":true}]}}