{"id":7351,"date":"2016-04-26T01:12:13","date_gmt":"2016-04-26T01:12:13","guid":{"rendered":"https:\/\/armstrongyregion.com.ar\/diario\/?p=7351"},"modified":"2016-04-26T01:12:13","modified_gmt":"2016-04-26T01:12:13","slug":"genesini-y-rasetto-se-reunieron-con-presidentes-comunales-de-iriondo","status":"publish","type":"post","link":"https:\/\/armstrongyregion.com.ar\/diario\/genesini-y-rasetto-se-reunieron-con-presidentes-comunales-de-iriondo\/","title":{"rendered":"Genesini y Rasetto se reunieron con presidentes comunales de Iriondo."},"content":{"rendered":"<p><a href=\"http:\/\/armstrongyregion.com.ar\/diario\/wp-content\/uploads\/2016\/04\/Rasetto-1.jpg\"><img loading=\"lazy\" decoding=\"async\" class=\"alignnone size-full wp-image-7352\" src=\"http:\/\/armstrongyregion.com.ar\/diario\/wp-content\/uploads\/2016\/04\/Rasetto-1.jpg\" alt=\"Rasetto-\" width=\"768\" height=\"576\" srcset=\"https:\/\/armstrongyregion.com.ar\/diario\/wp-content\/uploads\/2016\/04\/Rasetto-1.jpg 768w, https:\/\/armstrongyregion.com.ar\/diario\/wp-content\/uploads\/2016\/04\/Rasetto-1-300x225.jpg 300w\" sizes=\"auto, (max-width: 768px) 100vw, 768px\" \/><\/a>El ministro de Trabajo de Santa Fe y el senador provincial convocaron a gobernantes locales de todo el departamento, con el objetivo de informar acerca del programa \u201cRedes, formaci\u00f3n para el trabajo\u201d, destinado a personas desocupadas u ocupadas con necesidades de recalificaci\u00f3n.<\/p>\n<p>Este programa es financiado por la cartera provincial de Trabajo y Seguridad Social y est\u00e1 destinado a personas desocupadas u ocupadas con necesidades de recalificaci\u00f3n, teniendo en cuenta la realidad socio-productiva local y regional, para facilitar la posterior inserci\u00f3n laboral.<\/p>\n<p>\u201cLa idea de este tipo de actividades es conocer la situaci\u00f3n de cada zona en forma directa, con perspectivas de trabajo relativas al desarrollo de acciones de capacitaci\u00f3n. Entendemos que todo este esfuerzo que se hace en este tipo de programas, da sus frutos, si est\u00e1 en l\u00ednea con las necesidades locales\u201d, precis\u00f3 el ministro.<\/p>\n<p>Durante el encuentro, convocado por el senador provincial Hugo Rasetto, se explicitaron las caracter\u00edsticas de \u201cRedes\u201d, y se alent\u00f3 el uso del sistema p\u00fablico de intermediaci\u00f3n laboral Nexo Empleo. Adem\u00e1s, los presentes aprovecharon la oportunidad para intercambiar opiniones sobre la situaci\u00f3n laboral de cada localidad y las necesidades de formaci\u00f3n para la inserci\u00f3n laboral efectiva de sus habitantes.<\/p>\n<p>\u201cTenemos que entender que cada vez m\u00e1s los municipios y comunas van ampliando sus \u00e1mbitos de competencia: por ello los temas laborales van formando r\u00e1pidamente agenda de los gobiernos locales. Y por esto es que tenemos que articular con los distintos niveles del Estado las pol\u00edticas en la materia\u201d, a\u00f1adi\u00f3 Genesini.<\/p>\n<p>De la reuni\u00f3n de trabajo, realizada en la Casa del Senado en Ca\u00f1ada de G\u00f3mez, participaron autoridades de Correa, Andino, Bustinza, Salto Grande, Clason, Totoras, Serodino, Villa Elo\u00edsa y Carrizales, todas del departamento Iriondo.<\/p>\n<p>&nbsp;<\/p>\n","protected":false},"excerpt":{"rendered":"<p>El ministro de Trabajo de Santa Fe y el senador provincial convocaron a gobernantes locales de todo el departamento, con el objetivo de informar acerca del programa \u201cRedes, formaci\u00f3n para el trabajo\u201d, destinado a personas desocupadas u ocupadas con necesidades de recalificaci\u00f3n. Este programa es financiado por la cartera provincial de Trabajo y Seguridad Social <a href=\"https:\/\/armstrongyregion.com.ar\/diario\/genesini-y-rasetto-se-reunieron-con-presidentes-comunales-de-iriondo\/\" title=\"Read more\" >&#8230;<\/a><\/p>\n","protected":false},"author":2,"featured_media":7352,"comment_status":"open","ping_status":"open","sticky":false,"template":"","format":"standard","meta":{"_jetpack_memberships_contains_paid_content":false,"footnotes":"","jetpack_publicize_message":"","jetpack_publicize_feature_enabled":true,"jetpack_social_post_already_shared":false,"jetpack_social_options":{"image_generator_settings":{"template":"highway","default_image_id":0,"enabled":false},"version":2}},"categories":[1,7,3],"tags":[2762,100,53,1274,3805,57,2761,977,858,86,13],"class_list":["post-7351","post","type-post","status-publish","format-standard","has-post-thumbnail","hentry","category-diario-armstrong","category-politica","category-region","tag-comunales","tag-con","tag-del","tag-dto","tag-genesini","tag-iriondo","tag-presidentes","tag-rasetto","tag-reunieron","tag-se","tag-y"],"jetpack_publicize_connections":[],"jetpack_featured_media_url":"https:\/\/armstrongyregion.com.ar\/diario\/wp-content\/uploads\/2016\/04\/Rasetto-1.jpg","jetpack_shortlink":"https:\/\/wp.me\/p62QDO-1Uz","jetpack_sharing_enabled":true,"amp_enabled":true,"_links":{"self":[{"href":"https:\/\/armstrongyregion.com.ar\/diario\/wp-json\/wp\/v2\/posts\/7351","targetHints":{"allow":["GET"]}}],"collection":[{"href":"https:\/\/armstrongyregion.com.ar\/diario\/wp-json\/wp\/v2\/posts"}],"about":[{"href":"https:\/\/armstrongyregion.com.ar\/diario\/wp-json\/wp\/v2\/types\/post"}],"author":[{"embeddable":true,"href":"https:\/\/armstrongyregion.com.ar\/diario\/wp-json\/wp\/v2\/users\/2"}],"replies":[{"embeddable":true,"href":"https:\/\/armstrongyregion.com.ar\/diario\/wp-json\/wp\/v2\/comments?post=7351"}],"version-history":[{"count":0,"href":"https:\/\/armstrongyregion.com.ar\/diario\/wp-json\/wp\/v2\/posts\/7351\/revisions"}],"wp:featuredmedia":[{"embeddable":true,"href":"https:\/\/armstrongyregion.com.ar\/diario\/wp-json\/wp\/v2\/media\/7352"}],"wp:attachment":[{"href":"https:\/\/armstrongyregion.com.ar\/diario\/wp-json\/wp\/v2\/media?parent=7351"}],"wp:term":[{"taxonomy":"category","embeddable":true,"href":"https:\/\/armstrongyregion.com.ar\/diario\/wp-json\/wp\/v2\/categories?post=7351"},{"taxonomy":"post_tag","embeddable":true,"href":"https:\/\/armstrongyregion.com.ar\/diario\/wp-json\/wp\/v2\/tags?post=7351"}],"curies":[{"name":"wp","href":"https:\/\/api.w.org\/{rel}","templated":true}]}}