{"id":7341,"date":"2016-04-25T02:29:55","date_gmt":"2016-04-25T02:29:55","guid":{"rendered":"https:\/\/armstrongyregion.com.ar\/diario\/?p=7341"},"modified":"2016-04-25T02:29:55","modified_gmt":"2016-04-25T02:29:55","slug":"la-semana-comienza-gris-y-tambien-se-acerca-el-frio","status":"publish","type":"post","link":"https:\/\/armstrongyregion.com.ar\/diario\/la-semana-comienza-gris-y-tambien-se-acerca-el-frio\/","title":{"rendered":"La semana comienza gris y tambi\u00e9n se acerca el fr\u00edo."},"content":{"rendered":"<p><a href=\"http:\/\/armstrongyregion.com.ar\/diario\/wp-content\/uploads\/2016\/04\/dia-frio-gris-.jpg\"><img loading=\"lazy\" decoding=\"async\" class=\"alignnone size-full wp-image-7343\" src=\"http:\/\/armstrongyregion.com.ar\/diario\/wp-content\/uploads\/2016\/04\/dia-frio-gris-.jpg\" alt=\"dia-frio-gris-\" width=\"768\" height=\"575\" srcset=\"https:\/\/armstrongyregion.com.ar\/diario\/wp-content\/uploads\/2016\/04\/dia-frio-gris-.jpg 768w, https:\/\/armstrongyregion.com.ar\/diario\/wp-content\/uploads\/2016\/04\/dia-frio-gris--300x225.jpg 300w\" sizes=\"auto, (max-width: 768px) 100vw, 768px\" \/><\/a>Las precipitaciones anunciadas para el domingo llegar\u00edan reci\u00e9n este lunes y se vienen un par de d\u00edas con, por lo menos, mucha nubosidad. Adem\u00e1s, bajas temperaturas<br \/>\nOtra vez el pintor del cielo se qued\u00f3 s\u00f3lo con el gris. Este domingo no hubo ni una pintita de celeste por all\u00e1 arriba. El Servicio Meteorol\u00f3gico Nacional (SMN) anunciaba lluvias que no llegaron pero que podr\u00edan regresar en el comienzo de la semana.<\/p>\n<p>Mientras que para Rosario y la regi\u00f3n se anuncian \u00abprobables lluvias y lloviznas\u00bb el lunes, el SMN manten\u00eda un alerta para algunos sectores del norte provincial, lo que podr\u00eda agravar la ya de por s\u00ed complicada situaci\u00f3n de los inundados en Santa Fe.<\/p>\n<p>Las nubes volvieron para quedarse unas cuantas horas m\u00e1s. A este tiempo inestable le seguir\u00edan hasta el mi\u00e9rcoles d\u00edas grises con m\u00e1ximas que no pasar\u00edan de los 16 grados. Las m\u00ednimas inquietan: ir\u00e1n en descenso y para el jueves habr\u00e1 4 grados, dice el SMN.<br \/>\nRosario3.com<\/p>\n","protected":false},"excerpt":{"rendered":"<p>Las precipitaciones anunciadas para el domingo llegar\u00edan reci\u00e9n este lunes y se vienen un par de d\u00edas con, por lo menos, mucha nubosidad. Adem\u00e1s, bajas temperaturas Otra vez el pintor del cielo se qued\u00f3 s\u00f3lo con el gris. Este domingo no hubo ni una pintita de celeste por all\u00e1 arriba. El Servicio Meteorol\u00f3gico Nacional (SMN) <a href=\"https:\/\/armstrongyregion.com.ar\/diario\/la-semana-comienza-gris-y-tambien-se-acerca-el-frio\/\" title=\"Read more\" >&#8230;<\/a><\/p>\n","protected":false},"author":2,"featured_media":7343,"comment_status":"open","ping_status":"open","sticky":false,"template":"","format":"standard","meta":{"_jetpack_memberships_contains_paid_content":false,"footnotes":"","jetpack_publicize_message":"","jetpack_publicize_feature_enabled":true,"jetpack_social_post_already_shared":false,"jetpack_social_options":{"image_generator_settings":{"template":"highway","default_image_id":0,"enabled":false},"version":2}},"categories":[1,2],"tags":[3802,1299,16,1983,3800,31,86,919,3801,13],"class_list":["post-7341","post","type-post","status-publish","format-standard","has-post-thumbnail","hentry","category-diario-armstrong","category-locales","tag-acerca","tag-comienza","tag-el","tag-frio","tag-gris","tag-la","tag-se","tag-semana","tag-tambien","tag-y"],"jetpack_publicize_connections":[],"jetpack_featured_media_url":"https:\/\/armstrongyregion.com.ar\/diario\/wp-content\/uploads\/2016\/04\/dia-frio-gris-.jpg","jetpack_shortlink":"https:\/\/wp.me\/p62QDO-1Up","jetpack_sharing_enabled":true,"amp_enabled":true,"_links":{"self":[{"href":"https:\/\/armstrongyregion.com.ar\/diario\/wp-json\/wp\/v2\/posts\/7341","targetHints":{"allow":["GET"]}}],"collection":[{"href":"https:\/\/armstrongyregion.com.ar\/diario\/wp-json\/wp\/v2\/posts"}],"about":[{"href":"https:\/\/armstrongyregion.com.ar\/diario\/wp-json\/wp\/v2\/types\/post"}],"author":[{"embeddable":true,"href":"https:\/\/armstrongyregion.com.ar\/diario\/wp-json\/wp\/v2\/users\/2"}],"replies":[{"embeddable":true,"href":"https:\/\/armstrongyregion.com.ar\/diario\/wp-json\/wp\/v2\/comments?post=7341"}],"version-history":[{"count":0,"href":"https:\/\/armstrongyregion.com.ar\/diario\/wp-json\/wp\/v2\/posts\/7341\/revisions"}],"wp:featuredmedia":[{"embeddable":true,"href":"https:\/\/armstrongyregion.com.ar\/diario\/wp-json\/wp\/v2\/media\/7343"}],"wp:attachment":[{"href":"https:\/\/armstrongyregion.com.ar\/diario\/wp-json\/wp\/v2\/media?parent=7341"}],"wp:term":[{"taxonomy":"category","embeddable":true,"href":"https:\/\/armstrongyregion.com.ar\/diario\/wp-json\/wp\/v2\/categories?post=7341"},{"taxonomy":"post_tag","embeddable":true,"href":"https:\/\/armstrongyregion.com.ar\/diario\/wp-json\/wp\/v2\/tags?post=7341"}],"curies":[{"name":"wp","href":"https:\/\/api.w.org\/{rel}","templated":true}]}}