{"id":7338,"date":"2016-04-25T02:21:46","date_gmt":"2016-04-25T02:21:46","guid":{"rendered":"https:\/\/armstrongyregion.com.ar\/diario\/?p=7338"},"modified":"2016-04-25T02:21:46","modified_gmt":"2016-04-25T02:21:46","slug":"legisladores-del-fpv-se-reunieron-con-el-gobernador-por-la-situacion-de-inundaciones","status":"publish","type":"post","link":"https:\/\/armstrongyregion.com.ar\/diario\/legisladores-del-fpv-se-reunieron-con-el-gobernador-por-la-situacion-de-inundaciones\/","title":{"rendered":"Legisladores del FPV se reunieron con el gobernador por la situaci\u00f3n de inundaciones."},"content":{"rendered":"<p><a href=\"http:\/\/armstrongyregion.com.ar\/diario\/wp-content\/uploads\/2016\/04\/reuni\u00f3n-lifschitz-con-legisladores-nacionales.jpg\"><img loading=\"lazy\" decoding=\"async\" class=\"alignnone size-full wp-image-7339\" src=\"http:\/\/armstrongyregion.com.ar\/diario\/wp-content\/uploads\/2016\/04\/reuni\u00f3n-lifschitz-con-legisladores-nacionales.jpg\" alt=\"reuni\u00f3n lifschitz con legisladores nacionales\" width=\"768\" height=\"499\" srcset=\"https:\/\/armstrongyregion.com.ar\/diario\/wp-content\/uploads\/2016\/04\/reuni\u00f3n-lifschitz-con-legisladores-nacionales.jpg 768w, https:\/\/armstrongyregion.com.ar\/diario\/wp-content\/uploads\/2016\/04\/reuni\u00f3n-lifschitz-con-legisladores-nacionales-300x195.jpg 300w\" sizes=\"auto, (max-width: 768px) 100vw, 768px\" \/><\/a>\u201cNuestra vocaci\u00f3n es trabajar juntos para atender a las miles de familias santafesinas que est\u00e1n sufriendo\u201d<\/p>\n<p>Legisladores nacionales y del Mercosur del bloque del Frente para la Victoria participaron este viernes de una reuni\u00f3n con el gobernador Miguel Lifschitz y miembros de su gabinete en la que se analiz\u00f3 la situaci\u00f3n de la provincia ante las inundaciones. \u201cLe reiteramos al gobernador que estamos a su disposici\u00f3n y que nuestra vocaci\u00f3n es trabajar juntos para atender a las miles de familias santafesinas que est\u00e1n sufriendo esta coyuntura muy complicada, que requiere de la urgente intervenci\u00f3n de todos los niveles de gobierno\u201d, dijo el diputado nacional Marcos Cleri, tras el encuentro del que tambi\u00e9n participaron sus pares Silvina Frana, Lucila De Ponti, Eduardo Seminara y Diego Ramos; la senadora nacional Mar\u00eda de los \u00c1ngeles Sacnun, el diputado del Mercosur Diego Mansilla y tambi\u00e9n legisladores de otras fuerzas pol\u00edticas.<br \/>\n\u201cTenemos casi la mitad del territorio provincial afectado, p\u00e9rdidas econ\u00f3micas enormes en el sector productivo y mucha angustia en los hogares de los trabajadores. Por eso vamos a seguir impulsando la declaraci\u00f3n nacional de emergencia h\u00eddrica y tambi\u00e9n le planteamos al gobernador que hay que achicar dr\u00e1sticamente el impacto del aumento de la tarifa de energ\u00eda y otros servicios\u201d, sostuvo Marcos Cleri.<br \/>\n\u201cCreemos que es fundamental actuar con urgencia y dando respuestas concretas, palpables, porque la situaci\u00f3n es desesperante\u201d, subray\u00f3 el legislador nacional.<br \/>\nEn el mismo sentido se expres\u00f3 la senadora nacional Mar\u00eda de los \u00c1ngeles Sacnun, quien present\u00f3 en la C\u00e1mara alta un proyecto de declaraci\u00f3n de emergencia a nivel nacional con medidas espec\u00edficas para la provincia de Santa Fe. \u201cLas econom\u00edas regionales est\u00e1n seriamente da\u00f1adas y hay que destinar partidas especiales para afrontar las acciones de asistencia integral a la poblaci\u00f3n y la reconstrucci\u00f3n de la actividad econ\u00f3mica\u201d, pidi\u00f3 Sacnun.<br \/>\nTambi\u00e9n Diego Mansilla se sum\u00f3 a los pedidos al gobierno nacional de declaraci\u00f3n de la emergencia h\u00eddrica, a trav\u00e9s de una nota enviada al Presidente y al jefe de Gabinete de ministros. \u201cHay que tomar r\u00e1pidamente medidas que conduzcan a revertir la dolorosa situaci\u00f3n que est\u00e1n viviendo miles de santafesinos y compatriotas de varias provincias; y en esto es fundamental reconstruir la infraestructura y las econom\u00edas regionales afectadas\u201d, remarc\u00f3 el diputado del Mercosur, tras la reuni\u00f3n de este viernes en Rosario con autoridades provinciales y legisladores nacionales.<\/p>\n","protected":false},"excerpt":{"rendered":"<p>\u201cNuestra vocaci\u00f3n es trabajar juntos para atender a las miles de familias santafesinas que est\u00e1n sufriendo\u201d Legisladores nacionales y del Mercosur del bloque del Frente para la Victoria participaron este viernes de una reuni\u00f3n con el gobernador Miguel Lifschitz y miembros de su gabinete en la que se analiz\u00f3 la situaci\u00f3n de la provincia ante <a href=\"https:\/\/armstrongyregion.com.ar\/diario\/legisladores-del-fpv-se-reunieron-con-el-gobernador-por-la-situacion-de-inundaciones\/\" title=\"Read more\" >&#8230;<\/a><\/p>\n","protected":false},"author":2,"featured_media":7339,"comment_status":"open","ping_status":"open","sticky":false,"template":"","format":"standard","meta":{"_jetpack_memberships_contains_paid_content":false,"footnotes":"","jetpack_publicize_message":"","jetpack_publicize_feature_enabled":true,"jetpack_social_post_already_shared":false,"jetpack_social_options":{"image_generator_settings":{"template":"highway","default_image_id":0,"enabled":false},"version":2}},"categories":[1,2,7,3],"tags":[100,53,3799,766,1852,3798,60,858,86],"class_list":["post-7338","post","type-post","status-publish","format-standard","has-post-thumbnail","hentry","category-diario-armstrong","category-locales","category-politica","category-region","tag-con","tag-del","tag-fpv","tag-gobernador","tag-inundaciones","tag-legisladores","tag-por","tag-reunieron","tag-se"],"jetpack_publicize_connections":[],"jetpack_featured_media_url":"https:\/\/armstrongyregion.com.ar\/diario\/wp-content\/uploads\/2016\/04\/reuni\u00f3n-lifschitz-con-legisladores-nacionales.jpg","jetpack_shortlink":"https:\/\/wp.me\/p62QDO-1Um","jetpack_sharing_enabled":true,"amp_enabled":true,"_links":{"self":[{"href":"https:\/\/armstrongyregion.com.ar\/diario\/wp-json\/wp\/v2\/posts\/7338","targetHints":{"allow":["GET"]}}],"collection":[{"href":"https:\/\/armstrongyregion.com.ar\/diario\/wp-json\/wp\/v2\/posts"}],"about":[{"href":"https:\/\/armstrongyregion.com.ar\/diario\/wp-json\/wp\/v2\/types\/post"}],"author":[{"embeddable":true,"href":"https:\/\/armstrongyregion.com.ar\/diario\/wp-json\/wp\/v2\/users\/2"}],"replies":[{"embeddable":true,"href":"https:\/\/armstrongyregion.com.ar\/diario\/wp-json\/wp\/v2\/comments?post=7338"}],"version-history":[{"count":0,"href":"https:\/\/armstrongyregion.com.ar\/diario\/wp-json\/wp\/v2\/posts\/7338\/revisions"}],"wp:featuredmedia":[{"embeddable":true,"href":"https:\/\/armstrongyregion.com.ar\/diario\/wp-json\/wp\/v2\/media\/7339"}],"wp:attachment":[{"href":"https:\/\/armstrongyregion.com.ar\/diario\/wp-json\/wp\/v2\/media?parent=7338"}],"wp:term":[{"taxonomy":"category","embeddable":true,"href":"https:\/\/armstrongyregion.com.ar\/diario\/wp-json\/wp\/v2\/categories?post=7338"},{"taxonomy":"post_tag","embeddable":true,"href":"https:\/\/armstrongyregion.com.ar\/diario\/wp-json\/wp\/v2\/tags?post=7338"}],"curies":[{"name":"wp","href":"https:\/\/api.w.org\/{rel}","templated":true}]}}