{"id":7335,"date":"2016-04-25T02:17:43","date_gmt":"2016-04-25T02:17:43","guid":{"rendered":"https:\/\/armstrongyregion.com.ar\/diario\/?p=7335"},"modified":"2016-04-25T02:17:43","modified_gmt":"2016-04-25T02:17:43","slug":"agroactiva-tendra-un-crecimiento-del-20-por-ciento-con-respecto-a-la-edicion-anterior","status":"publish","type":"post","link":"https:\/\/armstrongyregion.com.ar\/diario\/agroactiva-tendra-un-crecimiento-del-20-por-ciento-con-respecto-a-la-edicion-anterior\/","title":{"rendered":"AgroActiva tendr\u00e1 un crecimiento del 20 por ciento con respecto a la edici\u00f3n anterior."},"content":{"rendered":"<p><a href=\"http:\/\/armstrongyregion.com.ar\/diario\/wp-content\/uploads\/2016\/04\/agroactiva.jpg\"><img loading=\"lazy\" decoding=\"async\" class=\"alignnone size-full wp-image-7336\" src=\"http:\/\/armstrongyregion.com.ar\/diario\/wp-content\/uploads\/2016\/04\/agroactiva.jpg\" alt=\"agroactiva\" width=\"960\" height=\"540\" srcset=\"https:\/\/armstrongyregion.com.ar\/diario\/wp-content\/uploads\/2016\/04\/agroactiva.jpg 960w, https:\/\/armstrongyregion.com.ar\/diario\/wp-content\/uploads\/2016\/04\/agroactiva-300x169.jpg 300w\" sizes=\"auto, (max-width: 960px) 100vw, 960px\" \/><\/a>Una mayor cantidad de expositores y la ampliaci\u00f3n de los sectores de ganader\u00eda y aviaci\u00f3n agr\u00edcola har\u00e1n que la muestra ocupe una mayor superficie en el campo. El sorteo de stands evidenci\u00f3 la buena perspectiva del agro para el segundo semestre, m\u00e1s all\u00e1 de las complicaciones clim\u00e1ticas.<\/p>\n<p>Un auditorio colmado fue el escenario perfecto para el sorteo de stands de AgroActiva 2016. Desde el anuncio de la exposici\u00f3n, que tendr\u00e1 lugar del 8 al 11 de junio en Monje (Santa Fe) se preve\u00eda una gran recepci\u00f3n por parte de los expositores de diferentes rubros.<\/p>\n<p>El rotundo \u00e9xito alcanzado en la edici\u00f3n del a\u00f1o pasado en cuanto a la convocatoria de p\u00fablico era un \u201carma letal\u201d al momento de vender a los empresarios la feria. Adem\u00e1s, con los cambios en el pa\u00eds en materia pol\u00edtica y econ\u00f3mica que, para el sector agropecuario, fueron beneficiosos los fabricantes de maquinaria agr\u00edcola y los proveedores de bienes para el campo se mostraron con grandes expectativas de cara al futuro.<\/p>\n<p>En este marco, hasta el momento es un hecho que AgroActiva ser\u00e1 un 20 por ciento m\u00e1s grande que el a\u00f1o pasado, cuando todav\u00eda queda un mes de ventas en el que siempre se siguen sumando expositores. La ampliaci\u00f3n del lote por parte del Gobierno de la Provincia de Santa Fe y la recuperaci\u00f3n de empresas que por diversos motivos no participaron en las \u00faltimas ediciones gener\u00f3 un crecimiento de la superficie ocupada.<\/p>\n<p>M\u00e1s de 400 personas colmaron las instalaciones de la Bolsa de Comercio de Rosario y uno a uno fueron eligiendo el lugar que tendr\u00e1n en el plano de la muestra. Previamente, por ser sponsors de AgroActiva 2016, ya hab\u00edan definido su ubicaci\u00f3n el Gobierno de la Provincia de Santa Fe, Ford, YPF, Comuna de Monje, Provincia de C\u00f3rdoba, Cadena 3, KWS, Radio Continental, Grupo Televisi\u00f3n Litoral, Radio La Red, Diario La Capital, Nuevo ABC Rural, AFA, Farmquip, IPCVA, Industrias Secco.<\/p>\n<p>Posteriormente, en orden descendiente seg\u00fan el espacio adquirido para armar sus stands fueron eligiendo Grupo CNH (7500 mts2), Grupo AGCO (4800 mts2), John Deere (2700), PLA, Metalfor, Chevrolet, Toyota y Volkswagen (2400 mts2). Luego continuaron los expositores de 1800 mts2, 1200 y as\u00ed sucesivamente hasta los asistentes que ocupar\u00e1n 300 mts.<\/p>\n<p>Autoridades y discursos<\/p>\n<p>Acompa\u00f1ando a los directivos de la muestra, Luis y Rosana Nardi, estuvieron integrantes de la Comuna de Monje \u2013encabezados por su presidente Pedro Severini- y una nutrida comitiva del Gobierno de la Provincia de Santa Fe comandada por el ministro de Producci\u00f3n, Luis Contigiani.<\/p>\n<p>Los discursos estuvieron plagados de optimismo con respecto a los resultados de la exposici\u00f3n, aunque las autoridades no dejaron de mencionar la dif\u00edcil situaci\u00f3n que est\u00e1 atravesando una gran parte del pa\u00eds por las inundaciones producto de las recientes lluvias.<\/p>\n<p>El ministro de la Producci\u00f3n de Santa Fe, Luis Contigini, comenz\u00f3 su discurso con un mensaje a los productores santafesinos que se encuentran afectados con el temporal de lluvia.<br \/>\nHay zonas devastadas y otras en estado cr\u00edtico. \u201cA los productores de esas zonasqueremos decirles que los vamos a ayudar, que no se quiebren ni pierdan la esperanza porque vamos a dar el 100% para asistirlos\u201d, asegur\u00f3.<\/p>\n<p>Luego, se refiri\u00f3 al punto de inflexi\u00f3n que ser\u00e1 la mega muestra en la coyuntura agropecuaria del pa\u00eds. \u201cSi hay razones permanentes para apostar por AgroActiva, la de este a\u00f1o es mucho m\u00e1s poderosa que otras; es la posibilidad de encontrarnos en junio para salir de esta crisis, para reactivar la producci\u00f3n y para reactivar los agronegocios\u201d dijo.<\/p>\n<p>La muestra es un espacio estrat\u00e9gico que permitir\u00e1 canalizar negocios y estar cara a cara con productores. \u201cEl gobierno de Santa Fe participa en much\u00edsimas muestras pero la exposici\u00f3n que est\u00e1 en nuestra agenda y en muestra coraz\u00f3n es AgroActiva\u201d expres\u00f3 el ministro y destac\u00f3 que \u201call\u00ed podemos llegar con la peque\u00f1a y mediana empresa; con el peque\u00f1o y mediano comercio; y es una exposici\u00f3n muy flexible que se adapta a las necesidades de los productores\u201d.<\/p>\n<p>Contigiani resalt\u00f3 que AgroActiva \u201ces un capital invisible que queremos defender y donde apostamos fuertemente porque nos permite encontrar a mitad de a\u00f1o, siendo la muestra m\u00e1s importante del pa\u00eds, no solo a las grandes empresas sino a otros emprendimientos que vienen en ascenso\u201d.<\/p>\n<p>Rosana Nardi<\/p>\n<p>La presidente de AgroActiva, Rosana Nardi, brind\u00f3 detalles a los expositores de las novedades y beneficios que tendr\u00e1n del 8 al 11 de junio en Monje, Santa Fe. All\u00ed el objetivo es armar una ciudad en el campo para que durante cuatro d\u00edas sea un lugar de empat\u00eda donde todos los integrantes del sector agropecuario hablen el mismo idioma.<\/p>\n<p>\u201cEn esta edici\u00f3n creemos que vamos a superar la convocatoria de p\u00fablico que tuvimos el pasado y tenemos claros indicios de que as\u00ed va a ser\u201d, asegur\u00f3 Nardi y cont\u00f3 que en marzo \u201chemos comenzado la distribuci\u00f3n de entradas gratuitas en m\u00e1s de 600 localidades de toda la Pampa H\u00fameda\u201d.<\/p>\n<p>Una vez m\u00e1s, el gobierno de la provincia de Santa Fe es el sponsor principal de AgroActiva lo que le permitir\u00e1 gozar de un gran protagonismo dentro de la muestra. \u201cJunto a ellos estamos diagramando una fuerte presencia de todo lo que tenga que ver con capacitaci\u00f3n y espacios institucionales en diferentes puntos de la exposici\u00f3n\u201d, coment\u00f3 Nardi.<\/p>\n<p>Adem\u00e1s, a la campa\u00f1a de comunicaci\u00f3n que hacemos todos los a\u00f1os, se le sumar\u00e1 una importante campa\u00f1a publicitaria que realizar\u00e1 el gobierno de Santa Fe durante 12 d\u00edas previos a la exposici\u00f3n en los principales medios de comunicaci\u00f3n a nivel nacional.<\/p>\n<p>En lo que respecta a la modernizaci\u00f3n de espacios comunes, Nardi explic\u00f3 que va a haber un gran despliegue de informaci\u00f3n dentro del predio para que los visitantes puedan recorrerlo c\u00f3modamente. \u201cPensamos a AgroActiva como un centro tur\u00edstico y de negocios\u201d, dijo.<\/p>\n<p>La presidente de la mega muestra resalt\u00f3 que \u201ccomo novedad para la edici\u00f3n 2016, adem\u00e1s de las muestras din\u00e1micas programadas para todos los d\u00edas, los expositores podr\u00e1 contar con una parcela privada para realizar su propia demostraci\u00f3n a clientes en particular\u201d.<\/p>\n<p>Por \u00faltimo, Nardi aconsej\u00f3 a los expositores presentes que \u201caprovechen esta edici\u00f3n de AgroActiva porque estamos convencidos que va a ser un punto de inflexi\u00f3n a partir del cual podamos comenzar a andar un nuevo camino de reactivaci\u00f3n en la producci\u00f3n agropecuaria de nuestro pa\u00eds\u201d.<\/p>\n<p>Pedro Severini<\/p>\n<p>\u201cGracias a Dios el a\u00f1o pasado hemos tenido una gran concurrencia de p\u00fablico y buenos rindes que permitieron que la muestra sea todo un \u00e9xito\u201d, dijo Severini y augur\u00f3 que \u201cAgroActiva, este a\u00f1o, va a superar lo que ha sido la edici\u00f3n pasada\u201d.<\/p>\n<p>\u201cSin lugar a dudas AgroActiva tiene una gran importancia sobre nuestra regi\u00f3n\u201d, resalt\u00f3.<\/p>\n<p>El presidente comunal pidi\u00f3 a los responsables de la exposici\u00f3n que se quede por mucho tiempo porque \u201ces una gran fuente de ingresos y trabajo, no s\u00f3lo para Monje, sino para todos los pueblos de la zona que tiene la posibilidad de alquilar caba\u00f1as, casas y complejos de turismo. Adem\u00e1s, en lo que es trabajo emplea mucha mano de obra de la zona (m\u00e1s de 400 personas), desde electricistas hasta personal para limpieza\u201d.<\/p>\n","protected":false},"excerpt":{"rendered":"<p>Una mayor cantidad de expositores y la ampliaci\u00f3n de los sectores de ganader\u00eda y aviaci\u00f3n agr\u00edcola har\u00e1n que la muestra ocupe una mayor superficie en el campo. El sorteo de stands evidenci\u00f3 la buena perspectiva del agro para el segundo semestre, m\u00e1s all\u00e1 de las complicaciones clim\u00e1ticas. Un auditorio colmado fue el escenario perfecto para <a href=\"https:\/\/armstrongyregion.com.ar\/diario\/agroactiva-tendra-un-crecimiento-del-20-por-ciento-con-respecto-a-la-edicion-anterior\/\" title=\"Read more\" >&#8230;<\/a><\/p>\n","protected":false},"author":2,"featured_media":7336,"comment_status":"open","ping_status":"open","sticky":false,"template":"","format":"standard","meta":{"_jetpack_memberships_contains_paid_content":false,"footnotes":"","jetpack_publicize_message":"","jetpack_publicize_feature_enabled":true,"jetpack_social_post_already_shared":false,"jetpack_social_options":{"image_generator_settings":{"template":"highway","default_image_id":0,"enabled":false},"version":2}},"categories":[8,1,2,3],"tags":[196,492,154,3797,100,19,733,3796,337],"class_list":["post-7335","post","type-post","status-publish","format-standard","has-post-thumbnail","hentry","category-deliberando","category-diario-armstrong","category-locales","category-region","tag-196","tag-agroactiva","tag-ano","tag-anterior","tag-con","tag-de","tag-exito","tag-respecto","tag-tendra"],"jetpack_publicize_connections":[],"jetpack_featured_media_url":"https:\/\/armstrongyregion.com.ar\/diario\/wp-content\/uploads\/2016\/04\/agroactiva.jpg","jetpack_shortlink":"https:\/\/wp.me\/p62QDO-1Uj","jetpack_sharing_enabled":true,"amp_enabled":true,"_links":{"self":[{"href":"https:\/\/armstrongyregion.com.ar\/diario\/wp-json\/wp\/v2\/posts\/7335","targetHints":{"allow":["GET"]}}],"collection":[{"href":"https:\/\/armstrongyregion.com.ar\/diario\/wp-json\/wp\/v2\/posts"}],"about":[{"href":"https:\/\/armstrongyregion.com.ar\/diario\/wp-json\/wp\/v2\/types\/post"}],"author":[{"embeddable":true,"href":"https:\/\/armstrongyregion.com.ar\/diario\/wp-json\/wp\/v2\/users\/2"}],"replies":[{"embeddable":true,"href":"https:\/\/armstrongyregion.com.ar\/diario\/wp-json\/wp\/v2\/comments?post=7335"}],"version-history":[{"count":0,"href":"https:\/\/armstrongyregion.com.ar\/diario\/wp-json\/wp\/v2\/posts\/7335\/revisions"}],"wp:featuredmedia":[{"embeddable":true,"href":"https:\/\/armstrongyregion.com.ar\/diario\/wp-json\/wp\/v2\/media\/7336"}],"wp:attachment":[{"href":"https:\/\/armstrongyregion.com.ar\/diario\/wp-json\/wp\/v2\/media?parent=7335"}],"wp:term":[{"taxonomy":"category","embeddable":true,"href":"https:\/\/armstrongyregion.com.ar\/diario\/wp-json\/wp\/v2\/categories?post=7335"},{"taxonomy":"post_tag","embeddable":true,"href":"https:\/\/armstrongyregion.com.ar\/diario\/wp-json\/wp\/v2\/tags?post=7335"}],"curies":[{"name":"wp","href":"https:\/\/api.w.org\/{rel}","templated":true}]}}