{"id":7324,"date":"2016-04-24T00:36:44","date_gmt":"2016-04-24T00:36:44","guid":{"rendered":"https:\/\/armstrongyregion.com.ar\/diario\/?p=7324"},"modified":"2016-04-24T00:36:44","modified_gmt":"2016-04-24T00:36:44","slug":"dirigentes-del-ambito-politico-religioso-gremial-y-social-firmaron-pacto-san-francisco","status":"publish","type":"post","link":"https:\/\/armstrongyregion.com.ar\/diario\/dirigentes-del-ambito-politico-religioso-gremial-y-social-firmaron-pacto-san-francisco\/","title":{"rendered":"Dirigentes del \u00e1mbito pol\u00edtico, religioso, gremial y social Firmaron Pacto San Francisco."},"content":{"rendered":"<p><a href=\"http:\/\/armstrongyregion.com.ar\/diario\/wp-content\/uploads\/2016\/04\/Pacto-san-francisco1.jpg\"><img loading=\"lazy\" decoding=\"async\" class=\"alignnone size-full wp-image-7326\" src=\"http:\/\/armstrongyregion.com.ar\/diario\/wp-content\/uploads\/2016\/04\/Pacto-san-francisco1.jpg\" alt=\"Pacto san francisco1\" width=\"960\" height=\"577\" srcset=\"https:\/\/armstrongyregion.com.ar\/diario\/wp-content\/uploads\/2016\/04\/Pacto-san-francisco1.jpg 960w, https:\/\/armstrongyregion.com.ar\/diario\/wp-content\/uploads\/2016\/04\/Pacto-san-francisco1-300x180.jpg 300w\" sizes=\"auto, (max-width: 960px) 100vw, 960px\" \/><\/a>\u201cConcebir el planeta como patria y la humanidad como pueblo que habita una casa de todos\u201d P. Francisco, \u201cAlabado seas\u201d N\u00aa 164<br \/>\nEl d\u00eda 21 de abril del cte. a partir de las 10hs. en las instalaciones del Convento de San<br \/>\nFrancisco de la ciudad de Santa Fe, se realiz\u00f3 el Encuentro para la firma del Pacto de San Francisco, con la participaci\u00f3n de distintos<br \/>\ndirigentes del \u00e1mbito pol\u00edtico, religioso, gremial y social de nuestra regi\u00f3n, as\u00ed como una numerosa<br \/>\nconcurrencia que colm\u00f3 las instalaciones de la casa religiosa.<br \/>\nEl mismo tuvo por objeto adherir a las propuestas expuestas por el Papa Francisco en la Enc\u00edclica \u201cAlabado seas\u201d (Laudato si) sobre la urgencia del cuidado del<br \/>\nmedio ambiente, la justicia social, la paz mundial y la lucha contra el narcotr\u00e1fico.<br \/>\nEl Encuentro comenz\u00f3 con las palabras del Guardi\u00e1n del Convento de San Francisco Fray Juan Buttrazzi y la plantaci\u00f3n del<br \/>\nOlivo por la Paz en el parque del Convento, con la<br \/>\nparticipaci\u00f3n de los alumnos de la Escuela 01 San<br \/>\nFrancisco y La Casita de los Chicos \u00abClub Santa Rosa<br \/>\nde Lima\u00bb.<br \/>\nA continuaci\u00f3n y en el interior de la capilla se<br \/>\nprocedi\u00f3 a la lectura y firma del \u00abPacto de San<br \/>\nFrancisco\u00bb por las representaciones presentes (Ver lista de los firmantes al pi\u00e9).<br \/>\nSimult\u00e1neamente hizo su presentaci\u00f3n el cantautor Maximiliano Ravasi, qui\u00e9n<br \/>\ninterpret\u00f3 una canci\u00f3n de su autor\u00eda, especialmente compuesta para \u00e9sta oportunidad.<br \/>\nLa primera parte del evento finaliz\u00f3 con las<br \/>\npalabras de Contador Rub\u00e9n D. Montapponi de<br \/>\nGeneraci\u00f3n Francisco.<br \/>\nPosteriormente la concurrencia se traslad\u00f3 a<br \/>\nla H. C\u00e1mara de Senadores de Santa Fe<br \/>\ndonde fueron recibidos por el Vicegobernador de la<br \/>\nprovincia y los Senadores Provinciales. Durante la<br \/>\nsesi\u00f3n se paso un video del Papa Francisco (Mensaje<br \/>\na la Naciones Unidas) y luego se entreg\u00f3 un ejemplar<br \/>\ndel \u00abPacto de San Francisco\u00bb para ser expuesto en el<br \/>\nhall de la Legislatura santafesina.<br \/>\nPor Generaci\u00f3n Francisco<br \/>\nContado Rub\u00e9n D. Montapponi<\/p>\n","protected":false},"excerpt":{"rendered":"<p>\u201cConcebir el planeta como patria y la humanidad como pueblo que habita una casa de todos\u201d P. Francisco, \u201cAlabado seas\u201d N\u00aa 164 El d\u00eda 21 de abril del cte. a partir de las 10hs. en las instalaciones del Convento de San Francisco de la ciudad de Santa Fe, se realiz\u00f3 el Encuentro para la firma <a href=\"https:\/\/armstrongyregion.com.ar\/diario\/dirigentes-del-ambito-politico-religioso-gremial-y-social-firmaron-pacto-san-francisco\/\" title=\"Read more\" >&#8230;<\/a><\/p>\n","protected":false},"author":2,"featured_media":7326,"comment_status":"open","ping_status":"open","sticky":false,"template":"","format":"standard","meta":{"_jetpack_memberships_contains_paid_content":false,"footnotes":"","jetpack_publicize_message":"","jetpack_publicize_feature_enabled":true,"jetpack_social_post_already_shared":false,"jetpack_social_options":{"image_generator_settings":{"template":"highway","default_image_id":0,"enabled":false},"version":2}},"categories":[8,1,2,7,3],"tags":[3792,19,53,980,16,586,1530,3794,3795,201,3793,284,1111,13],"class_list":["post-7324","post","type-post","status-publish","format-standard","has-post-thumbnail","hentry","category-deliberando","category-diario-armstrong","category-locales","category-politica","category-region","tag-ambito","tag-de","tag-del","tag-dirigentes","tag-el","tag-firmaron","tag-francisco","tag-gremisl","tag-pacto","tag-politico","tag-religioso","tag-san","tag-social","tag-y"],"jetpack_publicize_connections":[],"jetpack_featured_media_url":"https:\/\/armstrongyregion.com.ar\/diario\/wp-content\/uploads\/2016\/04\/Pacto-san-francisco1.jpg","jetpack_shortlink":"https:\/\/wp.me\/p62QDO-1U8","jetpack_sharing_enabled":true,"amp_enabled":true,"_links":{"self":[{"href":"https:\/\/armstrongyregion.com.ar\/diario\/wp-json\/wp\/v2\/posts\/7324","targetHints":{"allow":["GET"]}}],"collection":[{"href":"https:\/\/armstrongyregion.com.ar\/diario\/wp-json\/wp\/v2\/posts"}],"about":[{"href":"https:\/\/armstrongyregion.com.ar\/diario\/wp-json\/wp\/v2\/types\/post"}],"author":[{"embeddable":true,"href":"https:\/\/armstrongyregion.com.ar\/diario\/wp-json\/wp\/v2\/users\/2"}],"replies":[{"embeddable":true,"href":"https:\/\/armstrongyregion.com.ar\/diario\/wp-json\/wp\/v2\/comments?post=7324"}],"version-history":[{"count":0,"href":"https:\/\/armstrongyregion.com.ar\/diario\/wp-json\/wp\/v2\/posts\/7324\/revisions"}],"wp:featuredmedia":[{"embeddable":true,"href":"https:\/\/armstrongyregion.com.ar\/diario\/wp-json\/wp\/v2\/media\/7326"}],"wp:attachment":[{"href":"https:\/\/armstrongyregion.com.ar\/diario\/wp-json\/wp\/v2\/media?parent=7324"}],"wp:term":[{"taxonomy":"category","embeddable":true,"href":"https:\/\/armstrongyregion.com.ar\/diario\/wp-json\/wp\/v2\/categories?post=7324"},{"taxonomy":"post_tag","embeddable":true,"href":"https:\/\/armstrongyregion.com.ar\/diario\/wp-json\/wp\/v2\/tags?post=7324"}],"curies":[{"name":"wp","href":"https:\/\/api.w.org\/{rel}","templated":true}]}}