{"id":7287,"date":"2016-04-22T01:49:05","date_gmt":"2016-04-22T01:49:05","guid":{"rendered":"https:\/\/armstrongyregion.com.ar\/diario\/?p=7287"},"modified":"2016-04-22T01:49:05","modified_gmt":"2016-04-22T01:49:05","slug":"municipales-paro-y-movilizacion-a-las-rosas-el-27-de-abril","status":"publish","type":"post","link":"https:\/\/armstrongyregion.com.ar\/diario\/municipales-paro-y-movilizacion-a-las-rosas-el-27-de-abril\/","title":{"rendered":"Municipales: paro y movilizaci\u00f3n a Las Rosas el 27 de Abril."},"content":{"rendered":"<p><a href=\"http:\/\/armstrongyregion.com.ar\/diario\/wp-content\/uploads\/2016\/04\/paro-y-movilizacion-.jpg\"><img loading=\"lazy\" decoding=\"async\" class=\"alignnone size-full wp-image-7288\" src=\"http:\/\/armstrongyregion.com.ar\/diario\/wp-content\/uploads\/2016\/04\/paro-y-movilizacion-.jpg\" alt=\"paro-y-movilizacion\" width=\"1504\" height=\"862\" srcset=\"https:\/\/armstrongyregion.com.ar\/diario\/wp-content\/uploads\/2016\/04\/paro-y-movilizacion-.jpg 1504w, https:\/\/armstrongyregion.com.ar\/diario\/wp-content\/uploads\/2016\/04\/paro-y-movilizacion--300x172.jpg 300w, https:\/\/armstrongyregion.com.ar\/diario\/wp-content\/uploads\/2016\/04\/paro-y-movilizacion--1024x587.jpg 1024w\" sizes=\"auto, (max-width: 1504px) 100vw, 1504px\" \/><\/a>El Plenario de Secretarios Generales de FESTRAM, resolvi\u00f3 realizar un paro en todas las Municipalidades y Comunas de la Provincia de Santa Fe, el pr\u00f3ximo mi\u00e9rcoles 27 de abril. La opini\u00f3n del Intendente Meyer sobre el fracaso de la tercera conciliaci\u00f3n.<\/p>\n<p>El Plenario de Secretarios Generales de FESTRAM, resolvi\u00f3 realizar un paro en todas las Municipalidades y Comunas de la Provincia de Santa Fe, el pr\u00f3ximo mi\u00e9rcoles 27 de abril. La medida de fuerza contempla una movilizaci\u00f3n multitudinaria a la ciudad de Las Rosas para exigir el acatamiento de la Conciliaci\u00f3n Obligatoria del Intendente del Pro, Javier Meyer, el fin de las agresiones y reclamar la plena vigencia de la autonom\u00eda provincial exigiendo el retiro de la Gendarmer\u00eda Nacional de esa localidad.<\/p>\n<p>Tambi\u00e9n se resolvi\u00f3 la realizaci\u00f3n de un acto de protesta frente a la Legislatura Provincial en el D\u00eda de los Trabajadores, en repudio a las pol\u00edticas de ajuste que instrumenta el Gobierno Nacional, exigiendo la intervenci\u00f3n de la Municipalidad de Las Rosas, que no es m\u00e1s que el intento de los sectores pol\u00edticos y econ\u00f3micos de instrumentar un modelo de despidos, rebajas salariales y represi\u00f3n.<\/p>\n<p>La Marcha a la Legislatura ser\u00e1 tambi\u00e9n en solidaridad con todos los trabajadores en lucha en defensa del empleo, el salario y las conquistas laborales. Reclamar\u00e1n, tambi\u00e9n, que la Provincia exija el mismo tratamiento que la Ciudad Aut\u00f3noma de Buenos Aires con los recursos nacionales y la inmediata asistencia extraordinaria para atender las consecuencias de la cat\u00e1strofe clim\u00e1tica.<\/p>\n<p>Los Sindicatos quedar\u00e1n facultados para disponer la modalidad de la medida de fuerza asegurando su efectivo cumplimiento.<\/p>\n<p>Asimismo, en cumplimiento de su responsabilidad y solidaridad con la comunidad santafesina, las medidas de fuerza dispuestas no alcanzar\u00e1n aquellas \u00e1reas cuyos trabajadores se encuentren afectados a la emergencia h\u00eddrica en las distintas localidades aquejadas por las lluvias e inundaciones.<\/p>\n<p>La opini\u00f3n del Intendente Javier Meyer sobre el conflicto<\/p>\n<p>Para el intendente de Las Rosas, Javier Meyer, las causas del conflicto gremial con los trabajadores municipales \u00abson totalmente esp\u00fareas\u00bb y \u00abse lleg\u00f3 al paro por unos adicionales truchos\u00bb. Respecto de la fracasada tercera conciliaci\u00f3n obligatoria del martes en Santa Fe, Meyer desestim\u00f3 las acusaciones de intransigencia vertidas por el titular de la Festram, Claudio Leoni.<\/p>\n<p>\u00abEn la reuni\u00f3n se estaba llegando a un acuerdo. Pretend\u00edamos que los empleados devuelvan los d\u00edas perdidos con horas de trabajo, porque el paro no se hab\u00eda hecho de forma regular y la c\u00fapula gremial, como siempre no accedi\u00f3\u00bb, expres\u00f3 Meyer quien adem\u00e1s expres\u00f3 a La Capital que el sindicalista \u00abno puede defender su posici\u00f3n ante la Justicia. Este municipio no puede solventar salarios que no se laburaron. A esto lo agarr\u00e9 fundido y no me dejaron laburar ni mes de los cinco que hace que estoy\u00bb. Y desliz\u00f3 que dirigentes municipales zonales \u00abme consultan porque los quieren mandar a chocar contra la ciudad de Las Rosas, que me apoya\u00bb.<br \/>\nSobre la participaci\u00f3n del gobernador pedida por Leoni, Meyer expres\u00f3 que \u00abya lo est\u00e1 haciendo por medio de sus ministros\u00bb.<br \/>\nPRENSA FESTRAM<\/p>\n","protected":false},"excerpt":{"rendered":"<p>El Plenario de Secretarios Generales de FESTRAM, resolvi\u00f3 realizar un paro en todas las Municipalidades y Comunas de la Provincia de Santa Fe, el pr\u00f3ximo mi\u00e9rcoles 27 de abril. La opini\u00f3n del Intendente Meyer sobre el fracaso de la tercera conciliaci\u00f3n. El Plenario de Secretarios Generales de FESTRAM, resolvi\u00f3 realizar un paro en todas las <a href=\"https:\/\/armstrongyregion.com.ar\/diario\/municipales-paro-y-movilizacion-a-las-rosas-el-27-de-abril\/\" title=\"Read more\" >&#8230;<\/a><\/p>\n","protected":false},"author":2,"featured_media":7288,"comment_status":"open","ping_status":"open","sticky":false,"template":"","format":"standard","meta":{"_jetpack_memberships_contains_paid_content":false,"footnotes":"","jetpack_publicize_message":"","jetpack_publicize_feature_enabled":true,"jetpack_social_post_already_shared":false,"jetpack_social_options":{"image_generator_settings":{"template":"highway","default_image_id":0,"enabled":false},"version":2}},"categories":[1,2,7,3],"tags":[3020,33,1314,19,16,23,3738,208,1026,361,13],"class_list":["post-7287","post","type-post","status-publish","format-standard","has-post-thumbnail","hentry","category-diario-armstrong","category-locales","category-politica","category-region","tag-3020","tag-a","tag-abril","tag-de","tag-el","tag-las","tag-movilizacion","tag-municipales","tag-paro","tag-rosas","tag-y"],"jetpack_publicize_connections":[],"jetpack_featured_media_url":"https:\/\/armstrongyregion.com.ar\/diario\/wp-content\/uploads\/2016\/04\/paro-y-movilizacion-.jpg","jetpack_shortlink":"https:\/\/wp.me\/p62QDO-1Tx","jetpack_sharing_enabled":true,"amp_enabled":true,"_links":{"self":[{"href":"https:\/\/armstrongyregion.com.ar\/diario\/wp-json\/wp\/v2\/posts\/7287","targetHints":{"allow":["GET"]}}],"collection":[{"href":"https:\/\/armstrongyregion.com.ar\/diario\/wp-json\/wp\/v2\/posts"}],"about":[{"href":"https:\/\/armstrongyregion.com.ar\/diario\/wp-json\/wp\/v2\/types\/post"}],"author":[{"embeddable":true,"href":"https:\/\/armstrongyregion.com.ar\/diario\/wp-json\/wp\/v2\/users\/2"}],"replies":[{"embeddable":true,"href":"https:\/\/armstrongyregion.com.ar\/diario\/wp-json\/wp\/v2\/comments?post=7287"}],"version-history":[{"count":0,"href":"https:\/\/armstrongyregion.com.ar\/diario\/wp-json\/wp\/v2\/posts\/7287\/revisions"}],"wp:featuredmedia":[{"embeddable":true,"href":"https:\/\/armstrongyregion.com.ar\/diario\/wp-json\/wp\/v2\/media\/7288"}],"wp:attachment":[{"href":"https:\/\/armstrongyregion.com.ar\/diario\/wp-json\/wp\/v2\/media?parent=7287"}],"wp:term":[{"taxonomy":"category","embeddable":true,"href":"https:\/\/armstrongyregion.com.ar\/diario\/wp-json\/wp\/v2\/categories?post=7287"},{"taxonomy":"post_tag","embeddable":true,"href":"https:\/\/armstrongyregion.com.ar\/diario\/wp-json\/wp\/v2\/tags?post=7287"}],"curies":[{"name":"wp","href":"https:\/\/api.w.org\/{rel}","templated":true}]}}