{"id":7276,"date":"2016-04-21T01:42:08","date_gmt":"2016-04-21T01:42:08","guid":{"rendered":"https:\/\/armstrongyregion.com.ar\/diario\/?p=7276"},"modified":"2016-04-21T01:42:08","modified_gmt":"2016-04-21T01:42:08","slug":"fischer-hace-siete-anos-que-el-ejecutivo-en-vez-de-hacer-obras-nos-da-el-parte-meteorologico","status":"publish","type":"post","link":"https:\/\/armstrongyregion.com.ar\/diario\/fischer-hace-siete-anos-que-el-ejecutivo-en-vez-de-hacer-obras-nos-da-el-parte-meteorologico\/","title":{"rendered":"Fischer: \u201cHace siete a\u00f1os que el ejecutivo en vez de hacer obras, nos da el parte meteorol\u00f3gico\u201d."},"content":{"rendered":"<p><a href=\"http:\/\/armstrongyregion.com.ar\/diario\/wp-content\/uploads\/2016\/04\/Augusto-Fischer1.jpg\"><img loading=\"lazy\" decoding=\"async\" class=\"alignnone size-full wp-image-7277\" src=\"http:\/\/armstrongyregion.com.ar\/diario\/wp-content\/uploads\/2016\/04\/Augusto-Fischer1.jpg\" alt=\"Augusto-Fischer\" width=\"768\" height=\"525\" srcset=\"https:\/\/armstrongyregion.com.ar\/diario\/wp-content\/uploads\/2016\/04\/Augusto-Fischer1.jpg 768w, https:\/\/armstrongyregion.com.ar\/diario\/wp-content\/uploads\/2016\/04\/Augusto-Fischer1-300x205.jpg 300w\" sizes=\"auto, (max-width: 768px) 100vw, 768px\" \/><\/a>El concejal Augusto Fischer, fue consultado sobre el Plan de mejoras en las calles de la ciudad, \u201cRespecto a eso estoy cansado de escuchar siempre lo mismo, que van a presentar \u00e9sto, que van a hacer lo otro.. asique ni quiero hablar.. M\u00e1s vale espero a que lo hagan. Ahora dicen que tienen un plan, bueno, eso me satisface. Dicen que trajeron 700 toneladas, algo as\u00ed, de granulado.. (dicen, yo no las v\u00ed), y con eso que van a arreglar todas las calles del pueblo. Yo con que arreglen una sola calle, estar\u00eda conforme.. Teniendo en cuenta que no hicieron ni una bien. No van a hacerlo, por eso esas cosas ya me cansan escuchar..\u00bb<\/p>\n<p>El concejal agreg\u00f3, \u201cHace siete a\u00f1os que el ejecutivo en vez de hacer obras, nos da el parte meteorol\u00f3gico\u201d. Y yo les dije: Hace 7 a\u00f1os que estamos esperando, 7 a\u00f1os que esperamos que empiecen a trabajar. Y? Son ellos los que no trabajan, no es la lluvia. No le echen el fardo a la lluvia. Por la lluvia hace 20 d\u00edas que no pueden hacer las cosas, pero hace 7 a\u00f1os que est\u00e1n. Y?&#8230; Entonces, todos estos planes que dicen&#8230; Y bueno, nos los tenemos que aguantar.. Yo no quise hablar con esta persona que vino por el gran problema que hay con las cloacas, porque son promesas nom\u00e1s, y la gente est\u00e1 cansada de tantas promesas.. Adem\u00e1s despu\u00e9s dicen que uno habla ac\u00e1 para hacer pol\u00edtica, y yo no quiero tirarle nada al ejecutivo ni nada por el estilo, pero yo ten\u00eda ganas de decirle: \u00aband\u00e1te tranquilo, que no te lo van a hacer, porque NO HACEN. Pero no lo digo yo, uds miren el pueblo y se van a dar cuenta\u00bb.<\/p>\n","protected":false},"excerpt":{"rendered":"<p>El concejal Augusto Fischer, fue consultado sobre el Plan de mejoras en las calles de la ciudad, \u201cRespecto a eso estoy cansado de escuchar siempre lo mismo, que van a presentar \u00e9sto, que van a hacer lo otro.. asique ni quiero hablar.. M\u00e1s vale espero a que lo hagan. Ahora dicen que tienen un plan, <a href=\"https:\/\/armstrongyregion.com.ar\/diario\/fischer-hace-siete-anos-que-el-ejecutivo-en-vez-de-hacer-obras-nos-da-el-parte-meteorologico\/\" title=\"Read more\" >&#8230;<\/a><\/p>\n","protected":false},"author":2,"featured_media":7277,"comment_status":"open","ping_status":"open","sticky":false,"template":"","format":"standard","meta":{"_jetpack_memberships_contains_paid_content":false,"footnotes":"","jetpack_publicize_message":"","jetpack_publicize_feature_enabled":true,"jetpack_social_post_already_shared":false,"jetpack_social_options":{"image_generator_settings":{"template":"highway","default_image_id":0,"enabled":false},"version":2}},"categories":[1,2,7,3],"tags":[844,197,2959,357,16,2052,231,1044,1740,108],"class_list":["post-7276","post","type-post","status-publish","format-standard","has-post-thumbnail","hentry","category-diario-armstrong","category-locales","category-politica","category-region","tag-844","tag-anos","tag-da","tag-ejecutivo","tag-el","tag-hace","tag-meteorologico","tag-nos","tag-parte","tag-que"],"jetpack_publicize_connections":[],"jetpack_featured_media_url":"https:\/\/armstrongyregion.com.ar\/diario\/wp-content\/uploads\/2016\/04\/Augusto-Fischer1.jpg","jetpack_shortlink":"https:\/\/wp.me\/p62QDO-1Tm","jetpack_sharing_enabled":true,"amp_enabled":true,"_links":{"self":[{"href":"https:\/\/armstrongyregion.com.ar\/diario\/wp-json\/wp\/v2\/posts\/7276","targetHints":{"allow":["GET"]}}],"collection":[{"href":"https:\/\/armstrongyregion.com.ar\/diario\/wp-json\/wp\/v2\/posts"}],"about":[{"href":"https:\/\/armstrongyregion.com.ar\/diario\/wp-json\/wp\/v2\/types\/post"}],"author":[{"embeddable":true,"href":"https:\/\/armstrongyregion.com.ar\/diario\/wp-json\/wp\/v2\/users\/2"}],"replies":[{"embeddable":true,"href":"https:\/\/armstrongyregion.com.ar\/diario\/wp-json\/wp\/v2\/comments?post=7276"}],"version-history":[{"count":0,"href":"https:\/\/armstrongyregion.com.ar\/diario\/wp-json\/wp\/v2\/posts\/7276\/revisions"}],"wp:featuredmedia":[{"embeddable":true,"href":"https:\/\/armstrongyregion.com.ar\/diario\/wp-json\/wp\/v2\/media\/7277"}],"wp:attachment":[{"href":"https:\/\/armstrongyregion.com.ar\/diario\/wp-json\/wp\/v2\/media?parent=7276"}],"wp:term":[{"taxonomy":"category","embeddable":true,"href":"https:\/\/armstrongyregion.com.ar\/diario\/wp-json\/wp\/v2\/categories?post=7276"},{"taxonomy":"post_tag","embeddable":true,"href":"https:\/\/armstrongyregion.com.ar\/diario\/wp-json\/wp\/v2\/tags?post=7276"}],"curies":[{"name":"wp","href":"https:\/\/api.w.org\/{rel}","templated":true}]}}