{"id":7269,"date":"2016-04-21T00:00:20","date_gmt":"2016-04-21T00:00:20","guid":{"rendered":"https:\/\/armstrongyregion.com.ar\/diario\/?p=7269"},"modified":"2016-04-21T00:01:49","modified_gmt":"2016-04-21T00:01:49","slug":"rasetto-participo-de-reunion-provincial-por-la-emergencia-hidrica","status":"publish","type":"post","link":"https:\/\/armstrongyregion.com.ar\/diario\/rasetto-participo-de-reunion-provincial-por-la-emergencia-hidrica\/","title":{"rendered":"Rasetto particip\u00f3 de reuni\u00f3n provincial por la emergencia h\u00eddrica."},"content":{"rendered":"<p><a href=\"http:\/\/armstrongyregion.com.ar\/diario\/wp-content\/uploads\/2016\/04\/raseto.jpeg\"><img loading=\"lazy\" decoding=\"async\" class=\"alignnone size-full wp-image-7270\" src=\"http:\/\/armstrongyregion.com.ar\/diario\/wp-content\/uploads\/2016\/04\/raseto.jpeg\" alt=\"raseto\" width=\"768\" height=\"576\" srcset=\"https:\/\/armstrongyregion.com.ar\/diario\/wp-content\/uploads\/2016\/04\/raseto.jpeg 768w, https:\/\/armstrongyregion.com.ar\/diario\/wp-content\/uploads\/2016\/04\/raseto-300x225.jpeg 300w\" sizes=\"auto, (max-width: 768px) 100vw, 768px\" \/><\/a>En el encuentro, convocado por el gobernador Lifschitz, legisladores provinciales y funcionarios de distintas \u00e1reas expusieron la situaci\u00f3n en todo el territorio, e intercambiaron propuestas para abordar la problem\u00e1tica.<\/p>\n<p>El gobernador recibi\u00f3 a senadores y diputados de todos los partidos con representaci\u00f3n parlamentaria, con quienes convers\u00f3 sobre la situaci\u00f3n que atraviesa la provincia de Santa Fe en el marco de la emergencia h\u00eddrica.<\/p>\n<p>El senador Hugo Rasetto calific\u00f3 el encuentro como \u201cpositivo\u201d, y agreg\u00f3 que \u201chace alg\u00fan tiempo venimos intensificando el di\u00e1logo en Iriondo con todos los actores involucrados, porque somos conscientes de la preocupaci\u00f3n que existe, y estamos abocados a obtener resoluciones efectivas y de corto plazo para paliar las consecuencias que se generan a partir de esta situaci\u00f3n\u201d.<\/p>\n<p>&nbsp;<\/p>\n<p>Por su parte, Miguel Lifschitz indic\u00f3 que se realizar\u00e1 un planteo al Gobierno Nacional que pasa por cuatro puntos: \u201cQue se resuelva definitivamente el tema energ\u00eda y que haya un plan nacional para acomodar la energ\u00eda; subsidio directo a los sectores m\u00e1s comprometidos como la lecher\u00eda, el arroz y otros; financiamiento preferencial del Banco Naci\u00f3n para los productores fundamentalmente sojeros; y apoyo para la obra p\u00fablica, para poder recuperar lo m\u00e1s r\u00e1pido posible la red vial de la provincia\u201d.<\/p>\n<p>&nbsp;<\/p>\n<p>El gobernador explic\u00f3 que la \u201cidea es lograr el acompa\u00f1amiento y el apoyo del gobierno nacional y transmitirle la preocupaci\u00f3n y la gravedad de la situaci\u00f3n por la escala que ha tomado el fen\u00f3meno en todo el territorio de la provincia\u201d. Adem\u00e1s, adelant\u00f3 que la intenci\u00f3n, conjuntamente con los gobernadores de C\u00f3rdoba y Entre R\u00edos, es solicitar una reuni\u00f3n con autoridades del gobierno central \u201cpara transmitirles una posici\u00f3n de las tres provincias que, por otro lado, est\u00e1n afectadas de manera muy similar\u201d.<\/p>\n<p>La reuni\u00f3n con los legisladores, que se concret\u00f3 en el sal\u00f3n Blanco de Casa de Gobierno, tambi\u00e9n cont\u00f3 con la exposici\u00f3n del ministro de la Producci\u00f3n, Luis Contigiani; y adem\u00e1s participaron los ministros de Gobierno y Reforma del Estado, Pablo Far\u00edas, y de Desarrollo Social, Jorge \u00c1lvarez; y el secretario de Protecci\u00f3n Civil, Marcos Escajadillo.<\/p>\n<p>El propio Contigiani explic\u00f3 que \u201cestamos viviendo una situaci\u00f3n que en algunos sectores podemos calificar de devastadora y en otros, de muy cr\u00edtica pero, en todos los casos, es una situaci\u00f3n extraordinaria que va a ameritar soluciones extraordinarias\u201d. Seg\u00fan evalu\u00f3, \u201cel impacto en el corto y mediano plazo para el sistema productivo santafesino va a ser muy significativo\u201d, por lo que ahora, los esfuerzos estar\u00e1n puestos en que \u201cesto no se traslade a los sectores m\u00e1s d\u00e9biles, a los peque\u00f1os productores de diferentes sistemas\u201d.<\/p>\n<p>El ministro de la Producci\u00f3n agreg\u00f3 que sobre un contexto econ\u00f3mico complejo, \u201cse da este evento clim\u00e1tico que es muy duro y que va a impactar en el sistema productivo de manera significativa\u201d, teniendo en cuenta que, \u201csalvo el departamento 9 de Julio, los 18 departamentos restantes de Santa Fe fueron declarados en emergencia y desastre, con siete millones de hect\u00e1reas afectadas y, desde el punto de vista de los sectores productivos, tenemos a la lecher\u00eda como el m\u00e1s perjudicado\u201d.<\/p>\n","protected":false},"excerpt":{"rendered":"<p>En el encuentro, convocado por el gobernador Lifschitz, legisladores provinciales y funcionarios de distintas \u00e1reas expusieron la situaci\u00f3n en todo el territorio, e intercambiaron propuestas para abordar la problem\u00e1tica. El gobernador recibi\u00f3 a senadores y diputados de todos los partidos con representaci\u00f3n parlamentaria, con quienes convers\u00f3 sobre la situaci\u00f3n que atraviesa la provincia de Santa <a href=\"https:\/\/armstrongyregion.com.ar\/diario\/rasetto-participo-de-reunion-provincial-por-la-emergencia-hidrica\/\" title=\"Read more\" >&#8230;<\/a><\/p>\n","protected":false},"author":2,"featured_media":7270,"comment_status":"open","ping_status":"open","sticky":false,"template":"","format":"standard","meta":{"_jetpack_memberships_contains_paid_content":false,"footnotes":"","jetpack_publicize_message":"","jetpack_publicize_feature_enabled":true,"jetpack_social_post_already_shared":false,"jetpack_social_options":{"image_generator_settings":{"template":"highway","default_image_id":0,"enabled":false},"version":2}},"categories":[1,2,7,3],"tags":[19,992,977,3772],"class_list":["post-7269","post","type-post","status-publish","format-standard","has-post-thumbnail","hentry","category-diario-armstrong","category-locales","category-politica","category-region","tag-de","tag-participo","tag-rasetto","tag-reunion-hidrica"],"jetpack_publicize_connections":[],"jetpack_featured_media_url":"https:\/\/armstrongyregion.com.ar\/diario\/wp-content\/uploads\/2016\/04\/raseto.jpeg","jetpack_shortlink":"https:\/\/wp.me\/p62QDO-1Tf","jetpack_sharing_enabled":true,"amp_enabled":true,"_links":{"self":[{"href":"https:\/\/armstrongyregion.com.ar\/diario\/wp-json\/wp\/v2\/posts\/7269","targetHints":{"allow":["GET"]}}],"collection":[{"href":"https:\/\/armstrongyregion.com.ar\/diario\/wp-json\/wp\/v2\/posts"}],"about":[{"href":"https:\/\/armstrongyregion.com.ar\/diario\/wp-json\/wp\/v2\/types\/post"}],"author":[{"embeddable":true,"href":"https:\/\/armstrongyregion.com.ar\/diario\/wp-json\/wp\/v2\/users\/2"}],"replies":[{"embeddable":true,"href":"https:\/\/armstrongyregion.com.ar\/diario\/wp-json\/wp\/v2\/comments?post=7269"}],"version-history":[{"count":0,"href":"https:\/\/armstrongyregion.com.ar\/diario\/wp-json\/wp\/v2\/posts\/7269\/revisions"}],"wp:featuredmedia":[{"embeddable":true,"href":"https:\/\/armstrongyregion.com.ar\/diario\/wp-json\/wp\/v2\/media\/7270"}],"wp:attachment":[{"href":"https:\/\/armstrongyregion.com.ar\/diario\/wp-json\/wp\/v2\/media?parent=7269"}],"wp:term":[{"taxonomy":"category","embeddable":true,"href":"https:\/\/armstrongyregion.com.ar\/diario\/wp-json\/wp\/v2\/categories?post=7269"},{"taxonomy":"post_tag","embeddable":true,"href":"https:\/\/armstrongyregion.com.ar\/diario\/wp-json\/wp\/v2\/tags?post=7269"}],"curies":[{"name":"wp","href":"https:\/\/api.w.org\/{rel}","templated":true}]}}