{"id":7263,"date":"2016-04-20T20:49:33","date_gmt":"2016-04-20T20:49:33","guid":{"rendered":"https:\/\/armstrongyregion.com.ar\/diario\/?p=7263"},"modified":"2016-04-20T20:49:33","modified_gmt":"2016-04-20T20:49:33","slug":"armstrong-imprevistamente-hubo-cambio-de-comisario","status":"publish","type":"post","link":"https:\/\/armstrongyregion.com.ar\/diario\/armstrong-imprevistamente-hubo-cambio-de-comisario\/","title":{"rendered":"Armstrong. Imprevistamente hubo cambio de Comisario."},"content":{"rendered":"<p><a href=\"http:\/\/armstrongyregion.com.ar\/diario\/wp-content\/uploads\/2016\/04\/Comisario-nuevo-.jpg\"><img loading=\"lazy\" decoding=\"async\" class=\"alignnone size-full wp-image-7264\" src=\"http:\/\/armstrongyregion.com.ar\/diario\/wp-content\/uploads\/2016\/04\/Comisario-nuevo-.jpg\" alt=\"Comisario-nuevo-\" width=\"960\" height=\"539\" srcset=\"https:\/\/armstrongyregion.com.ar\/diario\/wp-content\/uploads\/2016\/04\/Comisario-nuevo-.jpg 960w, https:\/\/armstrongyregion.com.ar\/diario\/wp-content\/uploads\/2016\/04\/Comisario-nuevo--300x168.jpg 300w\" sizes=\"auto, (max-width: 960px) 100vw, 960px\" \/><\/a>En la ma\u00f1ana de este mi\u00e9rcoles y sin que haya ning\u00fan indicio o anuncio previo, hubo cambio de autoridades en la Comisar\u00eda 3ra de nuestra ciudad.<\/p>\n<p>A partir de hoy el nuevo Jefe de la Dependencia es el Sub Comisario Claudio Blanco que reemplaza al Comisario Saravia a cargo de la comisar\u00eda hasta hoy.<\/p>\n<p>Contin\u00faa como Segundo jefe el Sargento \u00a0Cristian M\u00e1rquez. En contacto con A y R el flamante jefe de la dependencia nos dec\u00eda, \u201cllego a Armstrong con muchas ganas de trabajar, con muchas ganas de salir adelante y pidi\u00e9ndole a la gente que nos ayude, porque la seguridad la hacemos entre todos\u201d.<\/p>\n<p>\u201cPienso tener una l\u00ednea personal para que la gente se comunique conmigo\u201d.<\/p>\n","protected":false},"excerpt":{"rendered":"<p>En la ma\u00f1ana de este mi\u00e9rcoles y sin que haya ning\u00fan indicio o anuncio previo, hubo cambio de autoridades en la Comisar\u00eda 3ra de nuestra ciudad. A partir de hoy el nuevo Jefe de la Dependencia es el Sub Comisario Claudio Blanco que reemplaza al Comisario Saravia a cargo de la comisar\u00eda hasta hoy. Contin\u00faa <a href=\"https:\/\/armstrongyregion.com.ar\/diario\/armstrong-imprevistamente-hubo-cambio-de-comisario\/\" title=\"Read more\" >&#8230;<\/a><\/p>\n","protected":false},"author":2,"featured_media":7264,"comment_status":"open","ping_status":"open","sticky":false,"template":"","format":"standard","meta":{"_jetpack_memberships_contains_paid_content":false,"footnotes":"","jetpack_publicize_message":"","jetpack_publicize_feature_enabled":true,"jetpack_social_post_already_shared":false,"jetpack_social_options":{"image_generator_settings":{"template":"highway","default_image_id":0,"enabled":false},"version":2}},"categories":[1,2,2852,3],"tags":[20,311,3769,19,2259,3768],"class_list":["post-7263","post","type-post","status-publish","format-standard","has-post-thumbnail","hentry","category-diario-armstrong","category-locales","category-policiales","category-region","tag-armstrong","tag-cambio","tag-comisario","tag-de","tag-hubo","tag-imprevistamente"],"jetpack_publicize_connections":[],"jetpack_featured_media_url":"https:\/\/armstrongyregion.com.ar\/diario\/wp-content\/uploads\/2016\/04\/Comisario-nuevo-.jpg","jetpack_shortlink":"https:\/\/wp.me\/p62QDO-1T9","jetpack_sharing_enabled":true,"amp_enabled":true,"_links":{"self":[{"href":"https:\/\/armstrongyregion.com.ar\/diario\/wp-json\/wp\/v2\/posts\/7263","targetHints":{"allow":["GET"]}}],"collection":[{"href":"https:\/\/armstrongyregion.com.ar\/diario\/wp-json\/wp\/v2\/posts"}],"about":[{"href":"https:\/\/armstrongyregion.com.ar\/diario\/wp-json\/wp\/v2\/types\/post"}],"author":[{"embeddable":true,"href":"https:\/\/armstrongyregion.com.ar\/diario\/wp-json\/wp\/v2\/users\/2"}],"replies":[{"embeddable":true,"href":"https:\/\/armstrongyregion.com.ar\/diario\/wp-json\/wp\/v2\/comments?post=7263"}],"version-history":[{"count":0,"href":"https:\/\/armstrongyregion.com.ar\/diario\/wp-json\/wp\/v2\/posts\/7263\/revisions"}],"wp:featuredmedia":[{"embeddable":true,"href":"https:\/\/armstrongyregion.com.ar\/diario\/wp-json\/wp\/v2\/media\/7264"}],"wp:attachment":[{"href":"https:\/\/armstrongyregion.com.ar\/diario\/wp-json\/wp\/v2\/media?parent=7263"}],"wp:term":[{"taxonomy":"category","embeddable":true,"href":"https:\/\/armstrongyregion.com.ar\/diario\/wp-json\/wp\/v2\/categories?post=7263"},{"taxonomy":"post_tag","embeddable":true,"href":"https:\/\/armstrongyregion.com.ar\/diario\/wp-json\/wp\/v2\/tags?post=7263"}],"curies":[{"name":"wp","href":"https:\/\/api.w.org\/{rel}","templated":true}]}}