{"id":7260,"date":"2016-04-20T20:39:47","date_gmt":"2016-04-20T20:39:47","guid":{"rendered":"https:\/\/armstrongyregion.com.ar\/diario\/?p=7260"},"modified":"2016-04-20T20:39:47","modified_gmt":"2016-04-20T20:39:47","slug":"nueva-fecha-para-sabores-y-colores-locales","status":"publish","type":"post","link":"https:\/\/armstrongyregion.com.ar\/diario\/nueva-fecha-para-sabores-y-colores-locales\/","title":{"rendered":"Nueva fecha para Sabores y Colores Locales."},"content":{"rendered":"<p><a href=\"http:\/\/armstrongyregion.com.ar\/diario\/wp-content\/uploads\/2016\/04\/sabores-.jpg\"><img loading=\"lazy\" decoding=\"async\" class=\"alignnone size-full wp-image-7261\" src=\"http:\/\/armstrongyregion.com.ar\/diario\/wp-content\/uploads\/2016\/04\/sabores-.jpg\" alt=\"sabores-\" width=\"768\" height=\"406\" srcset=\"https:\/\/armstrongyregion.com.ar\/diario\/wp-content\/uploads\/2016\/04\/sabores-.jpg 768w, https:\/\/armstrongyregion.com.ar\/diario\/wp-content\/uploads\/2016\/04\/sabores--300x159.jpg 300w\" sizes=\"auto, (max-width: 768px) 100vw, 768px\" \/><\/a>La Municipalidad de Armstrong invita a toda la poblaci\u00f3n a la segunda gran feria de Sabores y Colores Locales que se realizar\u00e1 el domingo 24 \u00a0de abril a partir de las 15 hs. en el predio Bracito Fuerte.<\/p>\n<p>Este lugar es elegido por su amplitud, ya que cada domingo de la feria se transforma en un paseo artesanal de compras, y porque ofrece comodidades para los visitantes como buena sombra, bancos y juegos para los ni\u00f1os, por lo que toda la familia est\u00e1 invitada.<\/p>\n<p>M\u00e1s de 30 stands presentados por microemprendedores de nuestra ciudad que ofrecer\u00e1n una gran variedad de productos elaborados de manera artesanal en panificaci\u00f3n, chocolater\u00eda, bijouterie, cer\u00e1mica, tejidos, jardiner\u00eda, trabajos en madera, metal y telas, dulces, pinturas, entre otros.<\/p>\n<p>Se contar\u00e1 con la participaci\u00f3n art\u00edstica del grupo de Danzas folcl\u00f3ricas \u201cFrancisco Maldonado\u201d dirigido por Ricardo Maldonado, y habr\u00e1 diversos sorteos en los stands.<\/p>\n<p>Habr\u00e1 servicio de buffet y agua caliente. Se suspende por lluvia.<\/p>\n<p>&nbsp;<\/p>\n","protected":false},"excerpt":{"rendered":"<p>La Municipalidad de Armstrong invita a toda la poblaci\u00f3n a la segunda gran feria de Sabores y Colores Locales que se realizar\u00e1 el domingo 24 \u00a0de abril a partir de las 15 hs. en el predio Bracito Fuerte. Este lugar es elegido por su amplitud, ya que cada domingo de la feria se transforma en <a href=\"https:\/\/armstrongyregion.com.ar\/diario\/nueva-fecha-para-sabores-y-colores-locales\/\" title=\"Read more\" >&#8230;<\/a><\/p>\n","protected":false},"author":2,"featured_media":7261,"comment_status":"open","ping_status":"open","sticky":false,"template":"","format":"standard","meta":{"_jetpack_memberships_contains_paid_content":false,"footnotes":"","jetpack_publicize_message":"","jetpack_publicize_feature_enabled":true,"jetpack_social_post_already_shared":false,"jetpack_social_options":{"image_generator_settings":{"template":"highway","default_image_id":0,"enabled":false},"version":2}},"categories":[6,1,2,3],"tags":[1336,19,1725,1335,13],"class_list":["post-7260","post","type-post","status-publish","format-standard","has-post-thumbnail","hentry","category-cultura-entretenimiento","category-diario-armstrong","category-locales","category-region","tag-colores","tag-de","tag-feria","tag-sabores","tag-y"],"jetpack_publicize_connections":[],"jetpack_featured_media_url":"https:\/\/armstrongyregion.com.ar\/diario\/wp-content\/uploads\/2016\/04\/sabores-.jpg","jetpack_shortlink":"https:\/\/wp.me\/p62QDO-1T6","jetpack_sharing_enabled":true,"amp_enabled":true,"_links":{"self":[{"href":"https:\/\/armstrongyregion.com.ar\/diario\/wp-json\/wp\/v2\/posts\/7260","targetHints":{"allow":["GET"]}}],"collection":[{"href":"https:\/\/armstrongyregion.com.ar\/diario\/wp-json\/wp\/v2\/posts"}],"about":[{"href":"https:\/\/armstrongyregion.com.ar\/diario\/wp-json\/wp\/v2\/types\/post"}],"author":[{"embeddable":true,"href":"https:\/\/armstrongyregion.com.ar\/diario\/wp-json\/wp\/v2\/users\/2"}],"replies":[{"embeddable":true,"href":"https:\/\/armstrongyregion.com.ar\/diario\/wp-json\/wp\/v2\/comments?post=7260"}],"version-history":[{"count":0,"href":"https:\/\/armstrongyregion.com.ar\/diario\/wp-json\/wp\/v2\/posts\/7260\/revisions"}],"wp:featuredmedia":[{"embeddable":true,"href":"https:\/\/armstrongyregion.com.ar\/diario\/wp-json\/wp\/v2\/media\/7261"}],"wp:attachment":[{"href":"https:\/\/armstrongyregion.com.ar\/diario\/wp-json\/wp\/v2\/media?parent=7260"}],"wp:term":[{"taxonomy":"category","embeddable":true,"href":"https:\/\/armstrongyregion.com.ar\/diario\/wp-json\/wp\/v2\/categories?post=7260"},{"taxonomy":"post_tag","embeddable":true,"href":"https:\/\/armstrongyregion.com.ar\/diario\/wp-json\/wp\/v2\/tags?post=7260"}],"curies":[{"name":"wp","href":"https:\/\/api.w.org\/{rel}","templated":true}]}}