{"id":726,"date":"2015-02-06T17:11:08","date_gmt":"2015-02-06T17:11:08","guid":{"rendered":"https:\/\/armstrongyregion.com.ar\/diario\/?p=726"},"modified":"2015-02-06T17:11:08","modified_gmt":"2015-02-06T17:11:08","slug":"comenzo-el-ciclo-verano-en-tu-ciudad-con-un-gran-exito","status":"publish","type":"post","link":"https:\/\/armstrongyregion.com.ar\/diario\/comenzo-el-ciclo-verano-en-tu-ciudad-con-un-gran-exito\/","title":{"rendered":"Comenz\u00f3 el ciclo verano en tu ciudad con un gran \u00e9xito."},"content":{"rendered":"<p><a href=\"http:\/\/armstrongyregion.com.ar\/diario\/wp-content\/uploads\/2015\/02\/10873369_10203589474478825_1041892089832033500_o.jpg\"><img loading=\"lazy\" decoding=\"async\" class=\"alignnone size-medium wp-image-727\" src=\"http:\/\/armstrongyregion.com.ar\/diario\/wp-content\/uploads\/2015\/02\/10873369_10203589474478825_1041892089832033500_o-300x198.jpg\" alt=\"ciclo de verano.\" width=\"300\" height=\"198\" srcset=\"https:\/\/armstrongyregion.com.ar\/diario\/wp-content\/uploads\/2015\/02\/10873369_10203589474478825_1041892089832033500_o-300x198.jpg 300w, https:\/\/armstrongyregion.com.ar\/diario\/wp-content\/uploads\/2015\/02\/10873369_10203589474478825_1041892089832033500_o.jpg 604w\" sizes=\"auto, (max-width: 300px) 100vw, 300px\" \/><\/a>En la tardecita-noche del jueves como estaba previsto, se dio inicio al ciclo de verano en tu ciudad, organizado por el Departamento de Juventud Municipal.<br \/>\nLa pel\u00edcula elegida para esta ocasi\u00f3n fue Mal\u00e9fica, con la actuaci\u00f3n de Angelina Jolie. El p\u00fablico respondi\u00f3 muy bien a la convocatoria, y desde temprano se convocaron en la Plaza Nona Rocha. A las 20.30 hs el Intendente Pablo Verdecchia, el Pte del Concejo Adri\u00e1n Marozzi, la Concejal Daniela P\u00e9rez y la Jefa del Departamento de Juventud, hicieron la apertura dando la bienvenida al p\u00fablico, mientras que los j\u00f3venes del Departamento repartieron pochoclos y golosinas para los m\u00e1s chicos.<br \/>\n\u00abLa convocatoria super\u00f3 ampliamente las expectativas, ya que superamos las 300 personas. Nos encanta ver c\u00f3mo los vecinos se suman y se apropian de las actividades en los espacios p\u00fablicos, tanto grandes como chicos, creando un ambiente familiar\u00bb nos coment\u00f3 Daiana Cadoppi, responsable del \u00e1rea de juventud.<\/p>\n","protected":false},"excerpt":{"rendered":"<p>En la tardecita-noche del jueves como estaba previsto, se dio inicio al ciclo de verano en tu ciudad, organizado por el Departamento de Juventud Municipal. La pel\u00edcula elegida para esta ocasi\u00f3n fue Mal\u00e9fica, con la actuaci\u00f3n de Angelina Jolie. El p\u00fablico respondi\u00f3 muy bien a la convocatoria, y desde temprano se convocaron en la Plaza <a href=\"https:\/\/armstrongyregion.com.ar\/diario\/comenzo-el-ciclo-verano-en-tu-ciudad-con-un-gran-exito\/\" title=\"Read more\" >&#8230;<\/a><\/p>\n","protected":false},"author":2,"featured_media":727,"comment_status":"open","ping_status":"open","sticky":false,"template":"","format":"standard","meta":{"_jetpack_memberships_contains_paid_content":false,"footnotes":"","jetpack_publicize_message":"","jetpack_publicize_feature_enabled":true,"jetpack_social_post_already_shared":false,"jetpack_social_options":{"image_generator_settings":{"template":"highway","default_image_id":0,"enabled":false},"version":2}},"categories":[1,2],"tags":[699,390,732,100,16,15,733,405,584,192,264],"class_list":["post-726","post","type-post","status-publish","format-standard","has-post-thumbnail","hentry","category-diario-armstrong","category-locales","tag-ciclo","tag-ciudad","tag-comenzo","tag-con","tag-el","tag-en","tag-exito","tag-gran","tag-tu","tag-un","tag-verano"],"jetpack_publicize_connections":[],"jetpack_featured_media_url":"https:\/\/armstrongyregion.com.ar\/diario\/wp-content\/uploads\/2015\/02\/10873369_10203589474478825_1041892089832033500_o.jpg","jetpack_shortlink":"https:\/\/wp.me\/p62QDO-bI","jetpack_sharing_enabled":true,"amp_enabled":true,"_links":{"self":[{"href":"https:\/\/armstrongyregion.com.ar\/diario\/wp-json\/wp\/v2\/posts\/726","targetHints":{"allow":["GET"]}}],"collection":[{"href":"https:\/\/armstrongyregion.com.ar\/diario\/wp-json\/wp\/v2\/posts"}],"about":[{"href":"https:\/\/armstrongyregion.com.ar\/diario\/wp-json\/wp\/v2\/types\/post"}],"author":[{"embeddable":true,"href":"https:\/\/armstrongyregion.com.ar\/diario\/wp-json\/wp\/v2\/users\/2"}],"replies":[{"embeddable":true,"href":"https:\/\/armstrongyregion.com.ar\/diario\/wp-json\/wp\/v2\/comments?post=726"}],"version-history":[{"count":0,"href":"https:\/\/armstrongyregion.com.ar\/diario\/wp-json\/wp\/v2\/posts\/726\/revisions"}],"wp:featuredmedia":[{"embeddable":true,"href":"https:\/\/armstrongyregion.com.ar\/diario\/wp-json\/wp\/v2\/media\/727"}],"wp:attachment":[{"href":"https:\/\/armstrongyregion.com.ar\/diario\/wp-json\/wp\/v2\/media?parent=726"}],"wp:term":[{"taxonomy":"category","embeddable":true,"href":"https:\/\/armstrongyregion.com.ar\/diario\/wp-json\/wp\/v2\/categories?post=726"},{"taxonomy":"post_tag","embeddable":true,"href":"https:\/\/armstrongyregion.com.ar\/diario\/wp-json\/wp\/v2\/tags?post=726"}],"curies":[{"name":"wp","href":"https:\/\/api.w.org\/{rel}","templated":true}]}}