{"id":7254,"date":"2016-04-20T04:01:16","date_gmt":"2016-04-20T04:01:16","guid":{"rendered":"https:\/\/armstrongyregion.com.ar\/diario\/?p=7254"},"modified":"2016-04-20T04:01:16","modified_gmt":"2016-04-20T04:01:16","slug":"armstrong-cornaglia-participo-de-reunion-con-empresarios-locales","status":"publish","type":"post","link":"https:\/\/armstrongyregion.com.ar\/diario\/armstrong-cornaglia-participo-de-reunion-con-empresarios-locales\/","title":{"rendered":"Armstrong. Cornaglia particip\u00f3 de reuni\u00f3n con empresarios locales."},"content":{"rendered":"<p><a href=\"http:\/\/armstrongyregion.com.ar\/diario\/wp-content\/uploads\/2016\/04\/cornaglia.jpg\"><img loading=\"lazy\" decoding=\"async\" class=\"alignnone size-full wp-image-7255\" src=\"http:\/\/armstrongyregion.com.ar\/diario\/wp-content\/uploads\/2016\/04\/cornaglia.jpg\" alt=\"cornaglia\" width=\"768\" height=\"431\" srcset=\"https:\/\/armstrongyregion.com.ar\/diario\/wp-content\/uploads\/2016\/04\/cornaglia.jpg 768w, https:\/\/armstrongyregion.com.ar\/diario\/wp-content\/uploads\/2016\/04\/cornaglia-300x168.jpg 300w\" sizes=\"auto, (max-width: 768px) 100vw, 768px\" \/><\/a>El Senador Guillermo Cornaglia particip\u00f3 de una reuni\u00f3n con Empresarios Locales.<\/p>\n<p>El encuentro llevado a cabo en la sede del Centro Comercial, Industrial y Rural, fue convocado por el Senador Cornaglia, para ponerse a disposici\u00f3n y debatir la problem\u00e1tica del sector. Se trataron temas como la situaci\u00f3n socio-econ\u00f3mica, etc.<\/p>\n<p>Participaron del encuentro autoridades del C.C.I y Rural de Armstrong y empresarios de la ciudad.<\/p>\n","protected":false},"excerpt":{"rendered":"<p>El Senador Guillermo Cornaglia particip\u00f3 de una reuni\u00f3n con Empresarios Locales. El encuentro llevado a cabo en la sede del Centro Comercial, Industrial y Rural, fue convocado por el Senador Cornaglia, para ponerse a disposici\u00f3n y debatir la problem\u00e1tica del sector. Se trataron temas como la situaci\u00f3n socio-econ\u00f3mica, etc. Participaron del encuentro autoridades del C.C.I <a href=\"https:\/\/armstrongyregion.com.ar\/diario\/armstrong-cornaglia-participo-de-reunion-con-empresarios-locales\/\" title=\"Read more\" >&#8230;<\/a><\/p>\n","protected":false},"author":2,"featured_media":7255,"comment_status":"open","ping_status":"open","sticky":false,"template":"","format":"standard","meta":{"_jetpack_memberships_contains_paid_content":false,"footnotes":"","jetpack_publicize_message":"","jetpack_publicize_feature_enabled":true,"jetpack_social_post_already_shared":false,"jetpack_social_options":{"image_generator_settings":{"template":"highway","default_image_id":0,"enabled":false},"version":2}},"categories":[1,2,7,3],"tags":[],"class_list":["post-7254","post","type-post","status-publish","format-standard","has-post-thumbnail","hentry","category-diario-armstrong","category-locales","category-politica","category-region"],"jetpack_publicize_connections":[],"jetpack_featured_media_url":"https:\/\/armstrongyregion.com.ar\/diario\/wp-content\/uploads\/2016\/04\/cornaglia.jpg","jetpack_shortlink":"https:\/\/wp.me\/p62QDO-1T0","jetpack_sharing_enabled":true,"amp_enabled":true,"_links":{"self":[{"href":"https:\/\/armstrongyregion.com.ar\/diario\/wp-json\/wp\/v2\/posts\/7254","targetHints":{"allow":["GET"]}}],"collection":[{"href":"https:\/\/armstrongyregion.com.ar\/diario\/wp-json\/wp\/v2\/posts"}],"about":[{"href":"https:\/\/armstrongyregion.com.ar\/diario\/wp-json\/wp\/v2\/types\/post"}],"author":[{"embeddable":true,"href":"https:\/\/armstrongyregion.com.ar\/diario\/wp-json\/wp\/v2\/users\/2"}],"replies":[{"embeddable":true,"href":"https:\/\/armstrongyregion.com.ar\/diario\/wp-json\/wp\/v2\/comments?post=7254"}],"version-history":[{"count":0,"href":"https:\/\/armstrongyregion.com.ar\/diario\/wp-json\/wp\/v2\/posts\/7254\/revisions"}],"wp:featuredmedia":[{"embeddable":true,"href":"https:\/\/armstrongyregion.com.ar\/diario\/wp-json\/wp\/v2\/media\/7255"}],"wp:attachment":[{"href":"https:\/\/armstrongyregion.com.ar\/diario\/wp-json\/wp\/v2\/media?parent=7254"}],"wp:term":[{"taxonomy":"category","embeddable":true,"href":"https:\/\/armstrongyregion.com.ar\/diario\/wp-json\/wp\/v2\/categories?post=7254"},{"taxonomy":"post_tag","embeddable":true,"href":"https:\/\/armstrongyregion.com.ar\/diario\/wp-json\/wp\/v2\/tags?post=7254"}],"curies":[{"name":"wp","href":"https:\/\/api.w.org\/{rel}","templated":true}]}}