{"id":723,"date":"2015-02-06T00:18:15","date_gmt":"2015-02-06T00:18:15","guid":{"rendered":"https:\/\/armstrongyregion.com.ar\/diario\/?p=723"},"modified":"2015-02-06T00:18:15","modified_gmt":"2015-02-06T00:18:15","slug":"clerici-presento-a-las-vecinales-el-nuevo-cronograma-de-recoleccion-de-residuos","status":"publish","type":"post","link":"https:\/\/armstrongyregion.com.ar\/diario\/clerici-presento-a-las-vecinales-el-nuevo-cronograma-de-recoleccion-de-residuos\/","title":{"rendered":"Cl\u00e9rici present\u00f3 a las vecinales el nuevo cronograma de recolecci\u00f3n de residuos."},"content":{"rendered":"<p><a href=\"http:\/\/armstrongyregion.com.ar\/diario\/wp-content\/uploads\/2015\/02\/DSCN1554.jpg\"><img loading=\"lazy\" decoding=\"async\" class=\"alignnone size-medium wp-image-724\" src=\"http:\/\/armstrongyregion.com.ar\/diario\/wp-content\/uploads\/2015\/02\/DSCN1554-300x179.jpg\" alt=\"Clerici Vecinos\" width=\"300\" height=\"179\" srcset=\"https:\/\/armstrongyregion.com.ar\/diario\/wp-content\/uploads\/2015\/02\/DSCN1554-300x179.jpg 300w, https:\/\/armstrongyregion.com.ar\/diario\/wp-content\/uploads\/2015\/02\/DSCN1554.jpg 501w\" sizes=\"auto, (max-width: 300px) 100vw, 300px\" \/><\/a>La iniciativa del Municipio divide a la ciudad en cuatro zonas geogr\u00e1ficas, cada una con una fecha determinada. Del encuentro del que<br \/>\nparticiparon referentes de trece vecinales se dialog\u00f3 adem\u00e1s sobre futuras obras de infraestructura en distintos sectores de la ciudad.<\/p>\n<p>La intendenta Stella Cl\u00e9rici se reuni\u00f3 con referentes de trece vecinales de la ciudad para presentar el cronograma de recolecci\u00f3n de<br \/>\nramas, pastos y escombros elaborado desde el Municipio. El mismo est\u00e1 dividido en cuatro zonas geogr\u00e1ficas donde la prestaci\u00f3n se realizar\u00e1 en<br \/>\nuna fecha ya fijada. As\u00ed mismo se dialog\u00f3 sobre la realidad de cada barrio y futuras obras<br \/>\nde infraestructura que se van a realizar. Los d\u00edas comprendidos en el cronograma son: zona 1 (delimitada entre V\u00edas F\u00e9rreas y Avenida Santa<br \/>\nFe, de calle San Mart\u00edn hacia el oeste) 23\/24 de febrero y 9\/10 de<br \/>\nmarzo; zona 2 (delimitada entre V\u00edas F\u00e9rreas y Avenida Santa Fe, de<br \/>\ncalle San Mart\u00edn hacia el este) 25\/26 de febrero y 11\/12 de marzo; zona<br \/>\n3 (de v\u00edas f\u00e9rreas hacia el sur) 2\/3 y 16\/17 de marzo; zona 4 (Avenida<br \/>\nSanta Fe hacia el norte) 4\/5 y 18\/19 de marzo.<\/p>\n","protected":false},"excerpt":{"rendered":"<p>La iniciativa del Municipio divide a la ciudad en cuatro zonas geogr\u00e1ficas, cada una con una fecha determinada. Del encuentro del que participaron referentes de trece vecinales se dialog\u00f3 adem\u00e1s sobre futuras obras de infraestructura en distintos sectores de la ciudad. La intendenta Stella Cl\u00e9rici se reuni\u00f3 con referentes de trece vecinales de la ciudad <a href=\"https:\/\/armstrongyregion.com.ar\/diario\/clerici-presento-a-las-vecinales-el-nuevo-cronograma-de-recoleccion-de-residuos\/\" title=\"Read more\" >&#8230;<\/a><\/p>\n","protected":false},"author":2,"featured_media":724,"comment_status":"open","ping_status":"open","sticky":false,"template":"","format":"standard","meta":{"_jetpack_memberships_contains_paid_content":false,"footnotes":"","jetpack_publicize_message":"","jetpack_publicize_feature_enabled":true,"jetpack_social_post_already_shared":false,"jetpack_social_options":{"image_generator_settings":{"template":"highway","default_image_id":0,"enabled":false},"version":2}},"categories":[1,3],"tags":[33,83,729,19,16,23,51,25,730,731,728],"class_list":["post-723","post","type-post","status-publish","format-standard","has-post-thumbnail","hentry","category-diario-armstrong","category-region","tag-a","tag-clerici","tag-cronograma","tag-de","tag-el","tag-las","tag-nuevo","tag-presento","tag-recoleccion","tag-residuos","tag-vecinales"],"jetpack_publicize_connections":[],"jetpack_featured_media_url":"https:\/\/armstrongyregion.com.ar\/diario\/wp-content\/uploads\/2015\/02\/DSCN1554.jpg","jetpack_shortlink":"https:\/\/wp.me\/p62QDO-bF","jetpack_sharing_enabled":true,"amp_enabled":true,"_links":{"self":[{"href":"https:\/\/armstrongyregion.com.ar\/diario\/wp-json\/wp\/v2\/posts\/723","targetHints":{"allow":["GET"]}}],"collection":[{"href":"https:\/\/armstrongyregion.com.ar\/diario\/wp-json\/wp\/v2\/posts"}],"about":[{"href":"https:\/\/armstrongyregion.com.ar\/diario\/wp-json\/wp\/v2\/types\/post"}],"author":[{"embeddable":true,"href":"https:\/\/armstrongyregion.com.ar\/diario\/wp-json\/wp\/v2\/users\/2"}],"replies":[{"embeddable":true,"href":"https:\/\/armstrongyregion.com.ar\/diario\/wp-json\/wp\/v2\/comments?post=723"}],"version-history":[{"count":0,"href":"https:\/\/armstrongyregion.com.ar\/diario\/wp-json\/wp\/v2\/posts\/723\/revisions"}],"wp:featuredmedia":[{"embeddable":true,"href":"https:\/\/armstrongyregion.com.ar\/diario\/wp-json\/wp\/v2\/media\/724"}],"wp:attachment":[{"href":"https:\/\/armstrongyregion.com.ar\/diario\/wp-json\/wp\/v2\/media?parent=723"}],"wp:term":[{"taxonomy":"category","embeddable":true,"href":"https:\/\/armstrongyregion.com.ar\/diario\/wp-json\/wp\/v2\/categories?post=723"},{"taxonomy":"post_tag","embeddable":true,"href":"https:\/\/armstrongyregion.com.ar\/diario\/wp-json\/wp\/v2\/tags?post=723"}],"curies":[{"name":"wp","href":"https:\/\/api.w.org\/{rel}","templated":true}]}}