{"id":7213,"date":"2016-04-18T03:02:18","date_gmt":"2016-04-18T03:02:18","guid":{"rendered":"https:\/\/armstrongyregion.com.ar\/diario\/?p=7213"},"modified":"2016-04-18T03:02:18","modified_gmt":"2016-04-18T03:02:18","slug":"canada-de-gomez-centro-de-atencion-primaria-de-la-salud-guillermo-estevez-boero","status":"publish","type":"post","link":"https:\/\/armstrongyregion.com.ar\/diario\/canada-de-gomez-centro-de-atencion-primaria-de-la-salud-guillermo-estevez-boero\/","title":{"rendered":"Ca\u00f1ada de G\u00f3mez. Centro de Atenci\u00f3n Primaria de la Salud \u201cGuillermo Est\u00e9vez Boero\u201d."},"content":{"rendered":"<p><a href=\"http:\/\/armstrongyregion.com.ar\/diario\/wp-content\/uploads\/2016\/04\/Hospital.jpg\"><img loading=\"lazy\" decoding=\"async\" class=\"alignnone size-full wp-image-7214\" src=\"http:\/\/armstrongyregion.com.ar\/diario\/wp-content\/uploads\/2016\/04\/Hospital.jpg\" alt=\"Hospital\" width=\"768\" height=\"530\" srcset=\"https:\/\/armstrongyregion.com.ar\/diario\/wp-content\/uploads\/2016\/04\/Hospital.jpg 768w, https:\/\/armstrongyregion.com.ar\/diario\/wp-content\/uploads\/2016\/04\/Hospital-300x207.jpg 300w\" sizes=\"auto, (max-width: 768px) 100vw, 768px\" \/><\/a>YA EST\u00c1 FUNCIONANDO EN DOBLE TURNO<br \/>\nA semanas de la inauguraci\u00f3n, la directora del Hospital San Jos\u00e9 Ver\u00f3nica Mosconi analiz\u00f3 la satisfactoria respuesta de la poblaci\u00f3n. Tambi\u00e9n describi\u00f3 la situaci\u00f3n actual respecto del dengue, donde hay cuatro casos confirmados.<\/p>\n<p>FUENTE: PERIODICO EL INFORME DE LA CIUDAD (CA\u00d1ADA DE GOMEZ)<br \/>\nEn di\u00e1logo con El Informe, la Lic. Ver\u00f3nica Mosconi dijo lo siguiente:<br \/>\nV.M.: A los dos d\u00edas de la inauguraci\u00f3n arrancamos con el turno de la ma\u00f1ana y ya desde el lunes 11 estamos funcionando con total normalidad, tanto ma\u00f1ana como tarde como nos hab\u00edamos propuesto. Los m\u00e9dicos generalistas, enfermeros, administrativos y el odont\u00f3logo ya est\u00e1n trabajando en el lugar y la trabajadora social se va a ir incorporando de a poco. A nosotros solamente nos falta ultimar la entrega de alg\u00fan material y de las computadoras para instalar las l\u00edneas telef\u00f3nicas y estar\u00edamos funcionando bien. Es un espacio nuevo que tiene ganas de trabajar con las instituciones del barrio y va a convocar otros centros tambi\u00e9n para alguna instancia de capacitaci\u00f3n porque le da las condiciones edilicias para eso.<br \/>\n\u00bfQu\u00e9 respuesta tuvieron de la poblaci\u00f3n?<br \/>\nV.M.: La gente se acerca y pregunta. Incluso acude mucha poblaci\u00f3n con cobertura preguntando si se pueden atender en el lugar. Tenemos que poder generar un trabajo distinto en algo que realmente vino a cambiar la zona norte de la ciudad. Uno escucha todo el tiempo en la calle gente, sobre todo de los vecinos m\u00e1s antiguos del barrio Tiro Federal, lo contenta que est\u00e1 porque m\u00e1s all\u00e1 del impacto sanitario que va a tener, esta obra vino a cambiar ese frente que estaba abandonado, por eso la poblaci\u00f3n se va acercando.<br \/>\n\u00bfEste Centro de Salud descomprime la concurrencia al Hospital?<br \/>\nV.M.: Este es un Centro de Salud al igual que los otros que est\u00e1n distribuidos en la ciudad. Tiene una poblaci\u00f3n a cargo de la cual hasta el momento estaba contenida en lo que era el Centro de Salud 25 de Mayo. Vamos a monitorear durante un tiempo ese Centro de Salud porque tal vez a futuro pensamos poder destinar a todo ese equipo al Centro de Salud Est\u00e9vez Boero y hacer alguna otra oferta para la poblaci\u00f3n de la zona norte.<br \/>\nDe cualquier manera la zona norte se ha extendido much\u00edsimo, as\u00ed que se va a empezar a referenciar en ese Centro de Atenci\u00f3n Primaria. Nosotros somos un Hospital que debe atender segundo nivel y cada Centro de Salud tiene su laboratorio, m\u00e9dico generalista, m\u00e9dico cl\u00ednico y dem\u00e1s. Nosotros apuntamos a convertirnos en el segundo nivel para las especialidades y los estudios complementarios que requieran de mayor complejidad pero este es un trabajo de educaci\u00f3n para la poblaci\u00f3n.<\/p>\n<p>LA SITUACI\u00d3N SOBRE EL DENGUE<br \/>\nOtro tema que preocupa es el dengue \u00bfcu\u00e1ntos casos confirmados hay en la ciudad?<br \/>\nV.M.: Nosotros tenemos cuatro notificaciones positivas por la Direcci\u00f3n de Epidemiologia de la Provincia de Santa Fe a cargo del Dr. Julio Befani. Dos fueron atendidas en este Hospital, incluso con tratamiento de internaci\u00f3n, y dos fueron atendidas en el \u00e1mbito privado pero que remitieron muestra al Hospital y desde aqu\u00ed se reenvi\u00f3 con ficha epidemiol\u00f3gica. Estos son los cuatro que tenemos notificados para los cuales se hizo el bloqueo y la fumigaci\u00f3n conjuntamente con el municipio pero no nos ayudan las condiciones clim\u00e1ticas. De lo que me hago responsable es de lo que recibo notificaci\u00f3n personal para hacer los bloqueos y dem\u00e1s. Despu\u00e9s hay otros tres casos m\u00e1s que fueron de laboratorio privado: uno se informo a Epidemiologia y otros dos no, por eso no sabemos cu\u00e1l es el origen. Hay una persona que est\u00e1 notificada por la Direcci\u00f3n de Epidemiologia que es de Bombal, vino a Ca\u00f1ada de G\u00f3mez y por eso se hizo el bloqueo tambi\u00e9n ac\u00e1. Estuvo unos d\u00edas en la ciudad y despu\u00e9s se confirm\u00f3.<br \/>\n\u00bfQu\u00e9 es el bloqueo?<br \/>\nV.M.: El bloqueo requiere recorrer con los Equipos de Salud las nueve manzanas perif\u00e9ricas al domicilio donde se encuentra la persona que es positiva, se fumiga y se buscan los s\u00edndromes febriles e indefinidos. Se hace la fumigaci\u00f3n al domicilio que es positivo y se buscan a la redonda los s\u00edndromes que hay febriles. Por eso es tan importante que ante la aparici\u00f3n de los s\u00edntomas poder consultar al m\u00e9dico, sobre todo si se tiene fiebre, dolor de cabeza, dolores musculares.<br \/>\n\u00bfQu\u00e9 recomiendan al respecto?<br \/>\nV.M.: Los que establecen todos los medios de comunicaci\u00f3n: no automedicarse, fundamentalmente usar repelentes y la descacharrizaci\u00f3n como la medida m\u00e1s preventiva. No generar pautas de alarma porque se transita como cualquier otra patolog\u00eda y ante la aparici\u00f3n del s\u00edntoma consultar al profesional p\u00fablico o privado m\u00e1s cercano para que puedan desarrollar lo que corresponda.<\/p>\n","protected":false},"excerpt":{"rendered":"<p>YA EST\u00c1 FUNCIONANDO EN DOBLE TURNO A semanas de la inauguraci\u00f3n, la directora del Hospital San Jos\u00e9 Ver\u00f3nica Mosconi analiz\u00f3 la satisfactoria respuesta de la poblaci\u00f3n. Tambi\u00e9n describi\u00f3 la situaci\u00f3n actual respecto del dengue, donde hay cuatro casos confirmados. FUENTE: PERIODICO EL INFORME DE LA CIUDAD (CA\u00d1ADA DE GOMEZ) En di\u00e1logo con El Informe, la <a href=\"https:\/\/armstrongyregion.com.ar\/diario\/canada-de-gomez-centro-de-atencion-primaria-de-la-salud-guillermo-estevez-boero\/\" title=\"Read more\" >&#8230;<\/a><\/p>\n","protected":false},"author":2,"featured_media":7214,"comment_status":"open","ping_status":"open","sticky":false,"template":"","format":"standard","meta":{"_jetpack_memberships_contains_paid_content":false,"footnotes":"","jetpack_publicize_message":"","jetpack_publicize_feature_enabled":true,"jetpack_social_post_already_shared":false,"jetpack_social_options":{"image_generator_settings":{"template":"highway","default_image_id":0,"enabled":false},"version":2}},"categories":[1,4,3],"tags":[414,3757,21,19,3756,772,745],"class_list":["post-7213","post","type-post","status-publish","format-standard","has-post-thumbnail","hentry","category-diario-armstrong","category-prevencion-salud","category-region","tag-atencion","tag-boero","tag-centro","tag-de","tag-estevez","tag-jose","tag-primaria"],"jetpack_publicize_connections":[],"jetpack_featured_media_url":"https:\/\/armstrongyregion.com.ar\/diario\/wp-content\/uploads\/2016\/04\/Hospital.jpg","jetpack_shortlink":"https:\/\/wp.me\/p62QDO-1Sl","jetpack_sharing_enabled":true,"amp_enabled":true,"_links":{"self":[{"href":"https:\/\/armstrongyregion.com.ar\/diario\/wp-json\/wp\/v2\/posts\/7213","targetHints":{"allow":["GET"]}}],"collection":[{"href":"https:\/\/armstrongyregion.com.ar\/diario\/wp-json\/wp\/v2\/posts"}],"about":[{"href":"https:\/\/armstrongyregion.com.ar\/diario\/wp-json\/wp\/v2\/types\/post"}],"author":[{"embeddable":true,"href":"https:\/\/armstrongyregion.com.ar\/diario\/wp-json\/wp\/v2\/users\/2"}],"replies":[{"embeddable":true,"href":"https:\/\/armstrongyregion.com.ar\/diario\/wp-json\/wp\/v2\/comments?post=7213"}],"version-history":[{"count":0,"href":"https:\/\/armstrongyregion.com.ar\/diario\/wp-json\/wp\/v2\/posts\/7213\/revisions"}],"wp:featuredmedia":[{"embeddable":true,"href":"https:\/\/armstrongyregion.com.ar\/diario\/wp-json\/wp\/v2\/media\/7214"}],"wp:attachment":[{"href":"https:\/\/armstrongyregion.com.ar\/diario\/wp-json\/wp\/v2\/media?parent=7213"}],"wp:term":[{"taxonomy":"category","embeddable":true,"href":"https:\/\/armstrongyregion.com.ar\/diario\/wp-json\/wp\/v2\/categories?post=7213"},{"taxonomy":"post_tag","embeddable":true,"href":"https:\/\/armstrongyregion.com.ar\/diario\/wp-json\/wp\/v2\/tags?post=7213"}],"curies":[{"name":"wp","href":"https:\/\/api.w.org\/{rel}","templated":true}]}}