{"id":7186,"date":"2016-04-17T02:52:27","date_gmt":"2016-04-17T02:52:27","guid":{"rendered":"https:\/\/armstrongyregion.com.ar\/diario\/?p=7186"},"modified":"2016-04-17T02:52:27","modified_gmt":"2016-04-17T02:52:27","slug":"canada-de-gomez-averiguacion-de-paradero","status":"publish","type":"post","link":"https:\/\/armstrongyregion.com.ar\/diario\/canada-de-gomez-averiguacion-de-paradero\/","title":{"rendered":"Ca\u00f1ada de G\u00f3mez. Averiguaci\u00f3n de Paradero."},"content":{"rendered":"<p><a href=\"http:\/\/armstrongyregion.com.ar\/diario\/wp-content\/uploads\/2016\/04\/paradero.png\"><img loading=\"lazy\" decoding=\"async\" class=\"alignnone size-full wp-image-7187\" src=\"http:\/\/armstrongyregion.com.ar\/diario\/wp-content\/uploads\/2016\/04\/paradero.png\" alt=\"paradero\" width=\"768\" height=\"543\" srcset=\"https:\/\/armstrongyregion.com.ar\/diario\/wp-content\/uploads\/2016\/04\/paradero.png 768w, https:\/\/armstrongyregion.com.ar\/diario\/wp-content\/uploads\/2016\/04\/paradero-300x212.png 300w\" sizes=\"auto, (max-width: 768px) 100vw, 768px\" \/><\/a>A ra\u00edz de una denuncia radicada por el llamado SERGIO GABRIEL MAIDANA, quien manifiesta que mantuvo una discusi\u00f3n con su hijo menor de edad y desde el d\u00eda 13 de Abril del 2016, en horas de la tarde se ausento de su hogar el menor JONATAN AGUSTIN MAIDANA de 16 a\u00f1os de edad, vest\u00eda un pantal\u00f3n bermuda de color azul, una remera de color lila cuello en v A+, zapatilla de cuero color marr\u00f3n, tipo deportivas, es de contextura f\u00edsica delgado, mide 1.65 metros aprox. Cabello corto, rapado a los costados, de color negro, ojos de color marr\u00f3n oscuros, se domicilia en calle M\u00e9xico N\u00ba 92 de esta ciudad. De tener alguna novedad del menor comunicarse a los tel\u00e9fonos de esta U.R.X: Cr\u00eda de La Mujer 422045 \u2013 422118, o a la Dependencia m\u00e1s cercana.<\/p>\n","protected":false},"excerpt":{"rendered":"<p>A ra\u00edz de una denuncia radicada por el llamado SERGIO GABRIEL MAIDANA, quien manifiesta que mantuvo una discusi\u00f3n con su hijo menor de edad y desde el d\u00eda 13 de Abril del 2016, en horas de la tarde se ausento de su hogar el menor JONATAN AGUSTIN MAIDANA de 16 a\u00f1os de edad, vest\u00eda un <a href=\"https:\/\/armstrongyregion.com.ar\/diario\/canada-de-gomez-averiguacion-de-paradero\/\" title=\"Read more\" >&#8230;<\/a><\/p>\n","protected":false},"author":2,"featured_media":7187,"comment_status":"open","ping_status":"open","sticky":false,"template":"","format":"standard","meta":{"_jetpack_memberships_contains_paid_content":false,"footnotes":"","jetpack_publicize_message":"","jetpack_publicize_feature_enabled":true,"jetpack_social_post_already_shared":false,"jetpack_social_options":{"image_generator_settings":{"template":"highway","default_image_id":0,"enabled":false},"version":2}},"categories":[1,3],"tags":[3745,19,359],"class_list":["post-7186","post","type-post","status-publish","format-standard","has-post-thumbnail","hentry","category-diario-armstrong","category-region","tag-averiguacion","tag-de","tag-paradero"],"jetpack_publicize_connections":[],"jetpack_featured_media_url":"https:\/\/armstrongyregion.com.ar\/diario\/wp-content\/uploads\/2016\/04\/paradero.png","jetpack_shortlink":"https:\/\/wp.me\/p62QDO-1RU","jetpack_sharing_enabled":true,"amp_enabled":true,"_links":{"self":[{"href":"https:\/\/armstrongyregion.com.ar\/diario\/wp-json\/wp\/v2\/posts\/7186","targetHints":{"allow":["GET"]}}],"collection":[{"href":"https:\/\/armstrongyregion.com.ar\/diario\/wp-json\/wp\/v2\/posts"}],"about":[{"href":"https:\/\/armstrongyregion.com.ar\/diario\/wp-json\/wp\/v2\/types\/post"}],"author":[{"embeddable":true,"href":"https:\/\/armstrongyregion.com.ar\/diario\/wp-json\/wp\/v2\/users\/2"}],"replies":[{"embeddable":true,"href":"https:\/\/armstrongyregion.com.ar\/diario\/wp-json\/wp\/v2\/comments?post=7186"}],"version-history":[{"count":0,"href":"https:\/\/armstrongyregion.com.ar\/diario\/wp-json\/wp\/v2\/posts\/7186\/revisions"}],"wp:featuredmedia":[{"embeddable":true,"href":"https:\/\/armstrongyregion.com.ar\/diario\/wp-json\/wp\/v2\/media\/7187"}],"wp:attachment":[{"href":"https:\/\/armstrongyregion.com.ar\/diario\/wp-json\/wp\/v2\/media?parent=7186"}],"wp:term":[{"taxonomy":"category","embeddable":true,"href":"https:\/\/armstrongyregion.com.ar\/diario\/wp-json\/wp\/v2\/categories?post=7186"},{"taxonomy":"post_tag","embeddable":true,"href":"https:\/\/armstrongyregion.com.ar\/diario\/wp-json\/wp\/v2\/tags?post=7186"}],"curies":[{"name":"wp","href":"https:\/\/api.w.org\/{rel}","templated":true}]}}