{"id":7182,"date":"2016-04-15T12:00:48","date_gmt":"2016-04-15T12:00:48","guid":{"rendered":"https:\/\/armstrongyregion.com.ar\/diario\/?p=7182"},"modified":"2016-04-15T12:00:48","modified_gmt":"2016-04-15T12:00:48","slug":"se-viene-la-5ta-feria-americana-organizada-por-como-perros-y-gatos","status":"publish","type":"post","link":"https:\/\/armstrongyregion.com.ar\/diario\/se-viene-la-5ta-feria-americana-organizada-por-como-perros-y-gatos\/","title":{"rendered":"Se viene la 5ta feria americana organizada por Como Perros y Gatos."},"content":{"rendered":"<p><a href=\"http:\/\/armstrongyregion.com.ar\/diario\/wp-content\/uploads\/2016\/04\/Feria-americana.jpg\"><img loading=\"lazy\" decoding=\"async\" class=\"alignnone size-full wp-image-7183\" src=\"http:\/\/armstrongyregion.com.ar\/diario\/wp-content\/uploads\/2016\/04\/Feria-americana.jpg\" alt=\"Feria-americana\" width=\"768\" height=\"576\" srcset=\"https:\/\/armstrongyregion.com.ar\/diario\/wp-content\/uploads\/2016\/04\/Feria-americana.jpg 768w, https:\/\/armstrongyregion.com.ar\/diario\/wp-content\/uploads\/2016\/04\/Feria-americana-300x225.jpg 300w\" sizes=\"auto, (max-width: 768px) 100vw, 768px\" \/><\/a>La organizaci\u00f3n proteccionista \u201cComo Perros y Gatos\u201d prepara su 5ta feria americana prevista para este s\u00e1bado a partir de las 15:00 hs en la Estaci\u00f3n M\u00c1S.<br \/>\nEl objetivo del evento es juntar fondos para solventar los gastos veterinarios que genera la ayuda a animales callejeros.<br \/>\nMarina Pieve, referente de \u00abComo Perros y Gatos\u00bb expresaba, \u00abQuienes quieran donar ropa, calzado y accesorios en buen estado pueden hacerlo tanto para esta feria como para las proximas, solo se tienen que contactar con nosotras y sera bienvenido, por otro lado tambien tenemos mascotas en adopcion que necesitan mucho amor\u00bb.<\/p>\n<p>Fuente: Actualidad Informativa. Cable Imagen Armstrong.<\/p>\n","protected":false},"excerpt":{"rendered":"<p>La organizaci\u00f3n proteccionista \u201cComo Perros y Gatos\u201d prepara su 5ta feria americana prevista para este s\u00e1bado a partir de las 15:00 hs en la Estaci\u00f3n M\u00c1S. El objetivo del evento es juntar fondos para solventar los gastos veterinarios que genera la ayuda a animales callejeros. Marina Pieve, referente de \u00abComo Perros y Gatos\u00bb expresaba, \u00abQuienes <a href=\"https:\/\/armstrongyregion.com.ar\/diario\/se-viene-la-5ta-feria-americana-organizada-por-como-perros-y-gatos\/\" title=\"Read more\" >&#8230;<\/a><\/p>\n","protected":false},"author":2,"featured_media":7183,"comment_status":"open","ping_status":"open","sticky":false,"template":"","format":"standard","meta":{"_jetpack_memberships_contains_paid_content":false,"footnotes":"","jetpack_publicize_message":"","jetpack_publicize_feature_enabled":true,"jetpack_social_post_already_shared":false,"jetpack_social_options":{"image_generator_settings":{"template":"highway","default_image_id":0,"enabled":false},"version":2}},"categories":[1,2,3],"tags":[3742,3743,572,1725,3744,1012,86,717,13],"class_list":["post-7182","post","type-post","status-publish","format-standard","has-post-thumbnail","hentry","category-diario-armstrong","category-locales","category-region","tag-5ta","tag-americana","tag-como","tag-feria","tag-gatos","tag-perros","tag-se","tag-viene","tag-y"],"jetpack_publicize_connections":[],"jetpack_featured_media_url":"https:\/\/armstrongyregion.com.ar\/diario\/wp-content\/uploads\/2016\/04\/Feria-americana.jpg","jetpack_shortlink":"https:\/\/wp.me\/p62QDO-1RQ","jetpack_sharing_enabled":true,"amp_enabled":true,"_links":{"self":[{"href":"https:\/\/armstrongyregion.com.ar\/diario\/wp-json\/wp\/v2\/posts\/7182","targetHints":{"allow":["GET"]}}],"collection":[{"href":"https:\/\/armstrongyregion.com.ar\/diario\/wp-json\/wp\/v2\/posts"}],"about":[{"href":"https:\/\/armstrongyregion.com.ar\/diario\/wp-json\/wp\/v2\/types\/post"}],"author":[{"embeddable":true,"href":"https:\/\/armstrongyregion.com.ar\/diario\/wp-json\/wp\/v2\/users\/2"}],"replies":[{"embeddable":true,"href":"https:\/\/armstrongyregion.com.ar\/diario\/wp-json\/wp\/v2\/comments?post=7182"}],"version-history":[{"count":0,"href":"https:\/\/armstrongyregion.com.ar\/diario\/wp-json\/wp\/v2\/posts\/7182\/revisions"}],"wp:featuredmedia":[{"embeddable":true,"href":"https:\/\/armstrongyregion.com.ar\/diario\/wp-json\/wp\/v2\/media\/7183"}],"wp:attachment":[{"href":"https:\/\/armstrongyregion.com.ar\/diario\/wp-json\/wp\/v2\/media?parent=7182"}],"wp:term":[{"taxonomy":"category","embeddable":true,"href":"https:\/\/armstrongyregion.com.ar\/diario\/wp-json\/wp\/v2\/categories?post=7182"},{"taxonomy":"post_tag","embeddable":true,"href":"https:\/\/armstrongyregion.com.ar\/diario\/wp-json\/wp\/v2\/tags?post=7182"}],"curies":[{"name":"wp","href":"https:\/\/api.w.org\/{rel}","templated":true}]}}